{"id":1714,"date":"2025-11-27T10:44:47","date_gmt":"2025-11-27T13:44:47","guid":{"rendered":"https:\/\/americalatinavidros.ind.br\/?p=1714"},"modified":"2025-11-27T10:53:26","modified_gmt":"2025-11-27T13:53:26","slug":"frete-gratis-alv-27-e-28-novembro","status":"publish","type":"post","link":"https:\/\/americalatinavidros.ind.br\/es\/frete-gratis-alv-27-e-28-novembro\/","title":{"rendered":"Frete Gr\u00e1tis na Am\u00e9rica Latina Vidros: Aproveite a Promo\u00e7\u00e3o dos Dias 27 e 28\/11"},"content":{"rendered":"<div data-elementor-type=\"wp-post\" data-elementor-id=\"1714\" class=\"elementor elementor-1714\" data-elementor-post-type=\"post\">\n\t\t\t\t<div class=\"elementor-element elementor-element-85843be e-flex e-con-boxed e-con e-parent\" data-id=\"85843be\" data-element_type=\"container\" data-e-type=\"container\" data-settings=\"{&quot;jet_parallax_layout_list&quot;:[]}\">\n\t\t\t\t\t<div class=\"e-con-inner\">\n\t\t<div class=\"elementor-element elementor-element-2c2e63d e-con-full e-flex e-con e-child\" data-id=\"2c2e63d\" data-element_type=\"container\" data-e-type=\"container\" data-settings=\"{&quot;jet_parallax_layout_list&quot;:[]}\">\n\t\t<div class=\"elementor-element elementor-element-290e91a e-con-full e-flex e-con e-child\" data-id=\"290e91a\" data-element_type=\"container\" data-e-type=\"container\" data-settings=\"{&quot;jet_parallax_layout_list&quot;:[]}\">\n\t\t\t\t<div class=\"elementor-element elementor-element-9666d1d elementor-widget__width-initial elementor-widget elementor-widget-theme-post-featured-image elementor-widget-image\" data-id=\"9666d1d\" data-element_type=\"widget\" data-e-type=\"widget\" data-widget_type=\"theme-post-featured-image.default\">\n\t\t\t\t<div class=\"elementor-widget-container\">\n\t\t\t\t\t\t\t\t\t\t\t\t\t\t\t<img fetchpriority=\"high\" decoding=\"async\" width=\"1279\" height=\"1600\" src=\"https:\/\/americalatinavidros.ind.br\/wp-content\/uploads\/2025\/11\/WhatsApp-Image-2025-11-27-at-07.51.45.jpeg\" class=\"attachment-full size-full wp-image-1723\" alt=\"\" srcset=\"https:\/\/americalatinavidros.ind.br\/wp-content\/uploads\/2025\/11\/WhatsApp-Image-2025-11-27-at-07.51.45.jpeg 1279w, https:\/\/americalatinavidros.ind.br\/wp-content\/uploads\/2025\/11\/WhatsApp-Image-2025-11-27-at-07.51.45-240x300.jpeg 240w, https:\/\/americalatinavidros.ind.br\/wp-content\/uploads\/2025\/11\/WhatsApp-Image-2025-11-27-at-07.51.45-819x1024.jpeg 819w, https:\/\/americalatinavidros.ind.br\/wp-content\/uploads\/2025\/11\/WhatsApp-Image-2025-11-27-at-07.51.45-768x961.jpeg 768w, https:\/\/americalatinavidros.ind.br\/wp-content\/uploads\/2025\/11\/WhatsApp-Image-2025-11-27-at-07.51.45-1228x1536.jpeg 1228w, https:\/\/americalatinavidros.ind.br\/wp-content\/uploads\/2025\/11\/WhatsApp-Image-2025-11-27-at-07.51.45-10x12.jpeg 10w, https:\/\/americalatinavidros.ind.br\/wp-content\/uploads\/2025\/11\/WhatsApp-Image-2025-11-27-at-07.51.45-600x751.jpeg 600w\" sizes=\"(max-width: 1279px) 100vw, 1279px\" \/>\t\t\t\t\t\t\t\t\t\t\t\t\t\t\t<\/div>\n\t\t\t\t<\/div>\n\t\t\t\t<div class=\"elementor-element elementor-element-5dc4fbc elementor-widget elementor-widget-theme-post-title elementor-page-title elementor-widget-heading\" data-id=\"5dc4fbc\" data-element_type=\"widget\" data-e-type=\"widget\" data-widget_type=\"theme-post-title.default\">\n\t\t\t\t<div class=\"elementor-widget-container\">\n\t\t\t\t\t<h1 class=\"elementor-heading-title elementor-size-default\">Frete Gr\u00e1tis na Am\u00e9rica Latina Vidros: Aproveite a Promo\u00e7\u00e3o dos Dias 27 e 28\/11<\/h1>\t\t\t\t<\/div>\n\t\t\t\t<\/div>\n\t\t\t\t<div class=\"elementor-element elementor-element-9e3226a elementor-widget elementor-widget-text-editor\" data-id=\"9e3226a\" data-element_type=\"widget\" data-e-type=\"widget\" data-widget_type=\"text-editor.default\">\n\t\t\t\t<div class=\"elementor-widget-container\">\n\t\t\t\t\t\t\t\t\t<p data-start=\"127\" data-end=\"283\">Nos dias <strong data-start=\"136\" data-end=\"150\">27 e 28\/11<\/strong>, compras acima de <strong data-start=\"169\" data-end=\"181\">R$ 3.000<\/strong> ter\u00e3o frete gr\u00e1tis para toda a regi\u00e3o Sul, Mato Grosso do Sul e tamb\u00e9m para redespacho at\u00e9 S\u00e3o Paulo.<\/p><p data-start=\"285\" data-end=\"421\">\u00c9 uma condi\u00e7\u00e3o especial e por tempo limitado, a chance perfeita para <strong data-start=\"354\" data-end=\"370\">revendedores<\/strong> reabastecerem seu estoque com economia de verdade.<\/p><p data-start=\"423\" data-end=\"524\">Aproveite, porque depois dessas datas, s\u00f3 no ano que vem.<\/p><p data-start=\"423\" data-end=\"524\"><br data-start=\"480\" data-end=\"483\" \/><strong data-start=\"483\" data-end=\"524\">Am\u00e9rica Latina Vidros, a gente se v\u00ea!<\/strong><\/p><p data-start=\"526\" data-end=\"575\">Acesse agora: <strong data-start=\"540\" data-end=\"575\">loja.americalatinavidros.ind.br<\/strong><\/p>\t\t\t\t\t\t\t\t<\/div>\n\t\t\t\t<\/div>\n\t\t\t\t<\/div>\n\t\t\t\t<\/div>\n\t\t<div class=\"elementor-element elementor-element-ac15540 e-con-full e-flex e-con e-child\" data-id=\"ac15540\" data-element_type=\"container\" data-e-type=\"container\" data-settings=\"{&quot;jet_parallax_layout_list&quot;:[]}\">\n\t\t<div class=\"elementor-element elementor-element-b30b384 e-con-full e-flex e-con e-child\" data-id=\"b30b384\" data-element_type=\"container\" data-e-type=\"container\" data-settings=\"{&quot;background_background&quot;:&quot;classic&quot;,&quot;jet_parallax_layout_list&quot;:[]}\">\n\t\t\t\t<div class=\"elementor-element elementor-element-75eeb59 elementor-widget elementor-widget-jet-posts\" data-id=\"75eeb59\" data-element_type=\"widget\" data-e-type=\"widget\" data-settings=\"{&quot;columns&quot;:&quot;1&quot;}\" data-widget_type=\"jet-posts.default\">\n\t\t\t\t<div class=\"elementor-widget-container\">\n\t\t\t\t\t<div class=\"elementor-jet-posts jet-elements\"><div class=\"jet-posts col-row\"><div class=\"jet-posts__item\">\n\t<div class=\"jet-posts__inner-box\"><div class=\"post-thumbnail\"><a href=\"https:\/\/americalatinavidros.ind.br\/es\/vidros-de-reposicao-maquinas\/\" class=\"post-thumbnail__link\"><img loading=\"lazy\" decoding=\"async\" class=\"post-thumbnail__img wp-post-image\" src=\"https:\/\/americalatinavidros.ind.br\/wp-content\/uploads\/2026\/01\/WhatsApp-Image-2026-01-15-at-12.07.08.jpeg\" alt=\"Somos uma Ind\u00fastria e Com\u00e9rcio de Vidros de Reposi\u00e7\u00e3o para M\u00e1quinas Agr\u00edcolas e Pesadas\" width=\"1280\" height=\"1600\"><\/a><\/div><div class=\"jet-posts__inner-content\"><h3 class=\"entry-title\"><a href=\"https:\/\/americalatinavidros.ind.br\/es\/vidros-de-reposicao-maquinas\/\" target=\"\">Somos uma Ind\u00fastria e Com\u00e9rcio de Vidros de Reposi\u00e7\u00e3o para M\u00e1quinas Agr\u00edcolas e Pesadas<\/a><\/h3><div class=\"entry-excerpt\">Atuamos como ind\u00fastria e com\u00e9rcio de vidros de reposi\u00e7\u00e3o para m\u00e1quinas agr\u00edcolas e pesadas, com s\u00f3lida experi\u00eancia no mercado e foco em atender empresas que buscam fornecimento confi\u00e1vel, padr\u00e3o de qualidade e pre\u00e7os atrativos.\u00a0 Oferecemos um portf\u00f3lio completo de vidros para diferentes marcas e modelos de m\u00e1quinas. Contamos com processos&hellip;<\/div><div class=\"jet-more-wrap\"><a href=\"https:\/\/americalatinavidros.ind.br\/es\/vidros-de-reposicao-maquinas\/\" class=\"btn btn-primary elementor-button elementor-size-md jet-more\" target=\"\"><span class=\"btn__text\">LER MAIS<\/span><\/a><\/div><\/div><\/div>\n<\/div>\n<\/div>\n<\/div>\t\t\t\t<\/div>\n\t\t\t\t<\/div>\n\t\t\t\t<\/div>\n\t\t\t\t<\/div>\n\t\t\t\t\t<\/div>\n\t\t\t\t<\/div>\n\t\t\t\t<\/div>","protected":false},"excerpt":{"rendered":"<p>Nos dias 27 e 28\/11, compras acima de R$ 3.000 ter\u00e3o frete gr\u00e1tis para toda a regi\u00e3o Sul, Mato Grosso do Sul e tamb\u00e9m para redespacho at\u00e9 S\u00e3o Paulo. \u00c9 uma condi\u00e7\u00e3o especial e por tempo limitado, a chance perfeita para revendedores reabastecerem seu estoque com economia de verdade. Aproveite, porque depois dessas datas, s\u00f3 [&hellip;]<\/p>","protected":false},"author":3,"featured_media":1723,"comment_status":"closed","ping_status":"open","sticky":false,"template":"elementor_header_footer","format":"standard","meta":{"footnotes":""},"categories":[1],"tags":[],"class_list":["post-1714","post","type-post","status-publish","format-standard","has-post-thumbnail","hentry","category-sem-categoria"],"yoast_head":"<!-- This site is optimized with the Yoast SEO plugin v26.7 - https:\/\/yoast.com\/wordpress\/plugins\/seo\/ -->\n<title>Frete Gr\u00e1tis na Am\u00e9rica Latina Vidros: Aproveite a Promo\u00e7\u00e3o dos Dias 27 e 28\/11 - America Latina Vidros<\/title>\n<meta name=\"description\" content=\"Frete gr\u00e1tis na ALV dias 27 e 28\/11 para compras acima de R$ 3.000. Condi\u00e7\u00e3o exclusiva para Sul, MS e redespacho at\u00e9 SP. Reabaste\u00e7a seu estoque!\" \/>\n<meta name=\"robots\" content=\"index, follow, max-snippet:-1, max-image-preview:large, max-video-preview:-1\" \/>\n<link rel=\"canonical\" href=\"https:\/\/americalatinavidros.ind.br\/es\/frete-gratis-alv-27-e-28-novembro\/\" \/>\n<meta property=\"og:locale\" content=\"es_ES\" \/>\n<meta property=\"og:type\" content=\"article\" \/>\n<meta property=\"og:title\" content=\"Frete Gr\u00e1tis na Am\u00e9rica Latina Vidros: Aproveite a Promo\u00e7\u00e3o dos Dias 27 e 28\/11 - America Latina Vidros\" \/>\n<meta property=\"og:description\" content=\"Frete gr\u00e1tis na ALV dias 27 e 28\/11 para compras acima de R$ 3.000. Condi\u00e7\u00e3o exclusiva para Sul, MS e redespacho at\u00e9 SP. Reabaste\u00e7a seu estoque!\" \/>\n<meta property=\"og:url\" content=\"https:\/\/americalatinavidros.ind.br\/es\/frete-gratis-alv-27-e-28-novembro\/\" \/>\n<meta property=\"og:site_name\" content=\"America Latina Vidros\" \/>\n<meta property=\"article:publisher\" content=\"https:\/\/www.facebook.com\/AmericaLatinaVidro\" \/>\n<meta property=\"article:published_time\" content=\"2025-11-27T13:44:47+00:00\" \/>\n<meta property=\"article:modified_time\" content=\"2025-11-27T13:53:26+00:00\" \/>\n<meta property=\"og:image\" content=\"https:\/\/americalatinavidros.ind.br\/wp-content\/uploads\/2025\/11\/WhatsApp-Image-2025-11-27-at-07.51.45.jpeg\" \/>\n\t<meta property=\"og:image:width\" content=\"1279\" \/>\n\t<meta property=\"og:image:height\" content=\"1600\" \/>\n\t<meta property=\"og:image:type\" content=\"image\/jpeg\" \/>\n<meta name=\"author\" content=\"Mkt\" \/>\n<meta name=\"twitter:card\" content=\"summary_large_image\" \/>\n<meta name=\"twitter:label1\" content=\"Escrito por\" \/>\n\t<meta name=\"twitter:data1\" content=\"Mkt\" \/>\n\t<meta name=\"twitter:label2\" content=\"Tiempo de lectura\" \/>\n\t<meta name=\"twitter:data2\" content=\"2 minutos\" \/>\n<script type=\"application\/ld+json\" class=\"yoast-schema-graph\">{\"@context\":\"https:\/\/schema.org\",\"@graph\":[{\"@type\":\"Article\",\"@id\":\"https:\/\/americalatinavidros.ind.br\/frete-gratis-alv-27-e-28-novembro\/#article\",\"isPartOf\":{\"@id\":\"https:\/\/americalatinavidros.ind.br\/frete-gratis-alv-27-e-28-novembro\/\"},\"author\":{\"name\":\"Mkt\",\"@id\":\"https:\/\/americalatinavidros.ind.br\/es\/#\/schema\/person\/f70c03e8031fbb9cd2ae02346d3dc59e\"},\"headline\":\"Frete Gr\u00e1tis na Am\u00e9rica Latina Vidros: Aproveite a Promo\u00e7\u00e3o dos Dias 27 e 28\/11\",\"datePublished\":\"2025-11-27T13:44:47+00:00\",\"dateModified\":\"2025-11-27T13:53:26+00:00\",\"mainEntityOfPage\":{\"@id\":\"https:\/\/americalatinavidros.ind.br\/frete-gratis-alv-27-e-28-novembro\/\"},\"wordCount\":159,\"publisher\":{\"@id\":\"https:\/\/americalatinavidros.ind.br\/es\/#organization\"},\"image\":{\"@id\":\"https:\/\/americalatinavidros.ind.br\/frete-gratis-alv-27-e-28-novembro\/#primaryimage\"},\"thumbnailUrl\":\"https:\/\/americalatinavidros.ind.br\/wp-content\/uploads\/2025\/11\/WhatsApp-Image-2025-11-27-at-07.51.45.jpeg\",\"articleSection\":[\"Sem categoria\"],\"inLanguage\":\"es-AR\"},{\"@type\":\"WebPage\",\"@id\":\"https:\/\/americalatinavidros.ind.br\/frete-gratis-alv-27-e-28-novembro\/\",\"url\":\"https:\/\/americalatinavidros.ind.br\/frete-gratis-alv-27-e-28-novembro\/\",\"name\":\"Frete Gr\u00e1tis na Am\u00e9rica Latina Vidros: Aproveite a Promo\u00e7\u00e3o dos Dias 27 e 28\/11 - America Latina Vidros\",\"isPartOf\":{\"@id\":\"https:\/\/americalatinavidros.ind.br\/es\/#website\"},\"primaryImageOfPage\":{\"@id\":\"https:\/\/americalatinavidros.ind.br\/frete-gratis-alv-27-e-28-novembro\/#primaryimage\"},\"image\":{\"@id\":\"https:\/\/americalatinavidros.ind.br\/frete-gratis-alv-27-e-28-novembro\/#primaryimage\"},\"thumbnailUrl\":\"https:\/\/americalatinavidros.ind.br\/wp-content\/uploads\/2025\/11\/WhatsApp-Image-2025-11-27-at-07.51.45.jpeg\",\"datePublished\":\"2025-11-27T13:44:47+00:00\",\"dateModified\":\"2025-11-27T13:53:26+00:00\",\"description\":\"Frete gr\u00e1tis na ALV dias 27 e 28\/11 para compras acima de R$ 3.000. Condi\u00e7\u00e3o exclusiva para Sul, MS e redespacho at\u00e9 SP. Reabaste\u00e7a seu estoque!\",\"breadcrumb\":{\"@id\":\"https:\/\/americalatinavidros.ind.br\/frete-gratis-alv-27-e-28-novembro\/#breadcrumb\"},\"inLanguage\":\"es-AR\",\"potentialAction\":[{\"@type\":\"ReadAction\",\"target\":[\"https:\/\/americalatinavidros.ind.br\/frete-gratis-alv-27-e-28-novembro\/\"]}]},{\"@type\":\"ImageObject\",\"inLanguage\":\"es-AR\",\"@id\":\"https:\/\/americalatinavidros.ind.br\/frete-gratis-alv-27-e-28-novembro\/#primaryimage\",\"url\":\"https:\/\/americalatinavidros.ind.br\/wp-content\/uploads\/2025\/11\/WhatsApp-Image-2025-11-27-at-07.51.45.jpeg\",\"contentUrl\":\"https:\/\/americalatinavidros.ind.br\/wp-content\/uploads\/2025\/11\/WhatsApp-Image-2025-11-27-at-07.51.45.jpeg\",\"width\":1279,\"height\":1600},{\"@type\":\"BreadcrumbList\",\"@id\":\"https:\/\/americalatinavidros.ind.br\/frete-gratis-alv-27-e-28-novembro\/#breadcrumb\",\"itemListElement\":[{\"@type\":\"ListItem\",\"position\":1,\"name\":\"In\u00edcio\",\"item\":\"https:\/\/americalatinavidros.ind.br\/\"},{\"@type\":\"ListItem\",\"position\":2,\"name\":\"Frete Gr\u00e1tis na Am\u00e9rica Latina Vidros: Aproveite a Promo\u00e7\u00e3o dos Dias 27 e 28\/11\"}]},{\"@type\":\"WebSite\",\"@id\":\"https:\/\/americalatinavidros.ind.br\/es\/#website\",\"url\":\"https:\/\/americalatinavidros.ind.br\/es\/\",\"name\":\"America Latina Vidros\",\"description\":\"\",\"publisher\":{\"@id\":\"https:\/\/americalatinavidros.ind.br\/es\/#organization\"},\"potentialAction\":[{\"@type\":\"SearchAction\",\"target\":{\"@type\":\"EntryPoint\",\"urlTemplate\":\"https:\/\/americalatinavidros.ind.br\/es\/?s={search_term_string}\"},\"query-input\":{\"@type\":\"PropertyValueSpecification\",\"valueRequired\":true,\"valueName\":\"search_term_string\"}}],\"inLanguage\":\"es-AR\"},{\"@type\":\"Organization\",\"@id\":\"https:\/\/americalatinavidros.ind.br\/es\/#organization\",\"name\":\"America Latina Vidros\",\"url\":\"https:\/\/americalatinavidros.ind.br\/es\/\",\"logo\":{\"@type\":\"ImageObject\",\"inLanguage\":\"es-AR\",\"@id\":\"https:\/\/americalatinavidros.ind.br\/es\/#\/schema\/logo\/image\/\",\"url\":\"https:\/\/americalatinavidros.ind.br\/wp-content\/uploads\/2023\/12\/Brasil.svg\",\"contentUrl\":\"https:\/\/americalatinavidros.ind.br\/wp-content\/uploads\/2023\/12\/Brasil.svg\",\"width\":366,\"height\":557,\"caption\":\"America Latina Vidros\"},\"image\":{\"@id\":\"https:\/\/americalatinavidros.ind.br\/es\/#\/schema\/logo\/image\/\"},\"sameAs\":[\"https:\/\/www.facebook.com\/AmericaLatinaVidro\",\"https:\/\/www.instagram.com\/americalatinavidros\/\",\"https:\/\/www.instagram.com\/construcao_americalatinavidros\/\",\"https:\/\/br.linkedin.com\/company\/americalatinavidros\",\"https:\/\/www.facebook.com\/profile.php?id=100072339063607\",\"https:\/\/www.tiktok.com\/@americalatinavidrosind\"]},{\"@type\":\"Person\",\"@id\":\"https:\/\/americalatinavidros.ind.br\/es\/#\/schema\/person\/f70c03e8031fbb9cd2ae02346d3dc59e\",\"name\":\"Mkt\",\"sameAs\":[\"https:\/\/americalatinavidros.ind.br\/novo\/wp-admin\u200b\"],\"url\":\"https:\/\/americalatinavidros.ind.br\/es\/author\/marketing\/\"}]}<\/script>\n<!-- \/ Yoast SEO plugin. -->","yoast_head_json":{"title":"Frete Gr\u00e1tis na Am\u00e9rica Latina Vidros: Aproveite a Promo\u00e7\u00e3o dos Dias 27 e 28\/11 - America Latina Vidros","description":"Frete gr\u00e1tis na ALV dias 27 e 28\/11 para compras acima de R$ 3.000. Condi\u00e7\u00e3o exclusiva para Sul, MS e redespacho at\u00e9 SP. Reabaste\u00e7a seu estoque!","robots":{"index":"index","follow":"follow","max-snippet":"max-snippet:-1","max-image-preview":"max-image-preview:large","max-video-preview":"max-video-preview:-1"},"canonical":"https:\/\/americalatinavidros.ind.br\/es\/frete-gratis-alv-27-e-28-novembro\/","og_locale":"es_ES","og_type":"article","og_title":"Frete Gr\u00e1tis na Am\u00e9rica Latina Vidros: Aproveite a Promo\u00e7\u00e3o dos Dias 27 e 28\/11 - America Latina Vidros","og_description":"Frete gr\u00e1tis na ALV dias 27 e 28\/11 para compras acima de R$ 3.000. Condi\u00e7\u00e3o exclusiva para Sul, MS e redespacho at\u00e9 SP. Reabaste\u00e7a seu estoque!","og_url":"https:\/\/americalatinavidros.ind.br\/es\/frete-gratis-alv-27-e-28-novembro\/","og_site_name":"America Latina Vidros","article_publisher":"https:\/\/www.facebook.com\/AmericaLatinaVidro","article_published_time":"2025-11-27T13:44:47+00:00","article_modified_time":"2025-11-27T13:53:26+00:00","og_image":[{"width":1279,"height":1600,"url":"https:\/\/americalatinavidros.ind.br\/wp-content\/uploads\/2025\/11\/WhatsApp-Image-2025-11-27-at-07.51.45.jpeg","type":"image\/jpeg"}],"author":"Mkt","twitter_card":"summary_large_image","twitter_misc":{"Escrito por":"Mkt","Tiempo de lectura":"2 minutos"},"schema":{"@context":"https:\/\/schema.org","@graph":[{"@type":"Article","@id":"https:\/\/americalatinavidros.ind.br\/frete-gratis-alv-27-e-28-novembro\/#article","isPartOf":{"@id":"https:\/\/americalatinavidros.ind.br\/frete-gratis-alv-27-e-28-novembro\/"},"author":{"name":"Mkt","@id":"https:\/\/americalatinavidros.ind.br\/es\/#\/schema\/person\/f70c03e8031fbb9cd2ae02346d3dc59e"},"headline":"Frete Gr\u00e1tis na Am\u00e9rica Latina Vidros: Aproveite a Promo\u00e7\u00e3o dos Dias 27 e 28\/11","datePublished":"2025-11-27T13:44:47+00:00","dateModified":"2025-11-27T13:53:26+00:00","mainEntityOfPage":{"@id":"https:\/\/americalatinavidros.ind.br\/frete-gratis-alv-27-e-28-novembro\/"},"wordCount":159,"publisher":{"@id":"https:\/\/americalatinavidros.ind.br\/es\/#organization"},"image":{"@id":"https:\/\/americalatinavidros.ind.br\/frete-gratis-alv-27-e-28-novembro\/#primaryimage"},"thumbnailUrl":"https:\/\/americalatinavidros.ind.br\/wp-content\/uploads\/2025\/11\/WhatsApp-Image-2025-11-27-at-07.51.45.jpeg","articleSection":["Sem categoria"],"inLanguage":"es-AR"},{"@type":"WebPage","@id":"https:\/\/americalatinavidros.ind.br\/frete-gratis-alv-27-e-28-novembro\/","url":"https:\/\/americalatinavidros.ind.br\/frete-gratis-alv-27-e-28-novembro\/","name":"Frete Gr\u00e1tis na Am\u00e9rica Latina Vidros: Aproveite a Promo\u00e7\u00e3o dos Dias 27 e 28\/11 - America Latina Vidros","isPartOf":{"@id":"https:\/\/americalatinavidros.ind.br\/es\/#website"},"primaryImageOfPage":{"@id":"https:\/\/americalatinavidros.ind.br\/frete-gratis-alv-27-e-28-novembro\/#primaryimage"},"image":{"@id":"https:\/\/americalatinavidros.ind.br\/frete-gratis-alv-27-e-28-novembro\/#primaryimage"},"thumbnailUrl":"https:\/\/americalatinavidros.ind.br\/wp-content\/uploads\/2025\/11\/WhatsApp-Image-2025-11-27-at-07.51.45.jpeg","datePublished":"2025-11-27T13:44:47+00:00","dateModified":"2025-11-27T13:53:26+00:00","description":"Frete gr\u00e1tis na ALV dias 27 e 28\/11 para compras acima de R$ 3.000. Condi\u00e7\u00e3o exclusiva para Sul, MS e redespacho at\u00e9 SP. Reabaste\u00e7a seu estoque!","breadcrumb":{"@id":"https:\/\/americalatinavidros.ind.br\/frete-gratis-alv-27-e-28-novembro\/#breadcrumb"},"inLanguage":"es-AR","potentialAction":[{"@type":"ReadAction","target":["https:\/\/americalatinavidros.ind.br\/frete-gratis-alv-27-e-28-novembro\/"]}]},{"@type":"ImageObject","inLanguage":"es-AR","@id":"https:\/\/americalatinavidros.ind.br\/frete-gratis-alv-27-e-28-novembro\/#primaryimage","url":"https:\/\/americalatinavidros.ind.br\/wp-content\/uploads\/2025\/11\/WhatsApp-Image-2025-11-27-at-07.51.45.jpeg","contentUrl":"https:\/\/americalatinavidros.ind.br\/wp-content\/uploads\/2025\/11\/WhatsApp-Image-2025-11-27-at-07.51.45.jpeg","width":1279,"height":1600},{"@type":"BreadcrumbList","@id":"https:\/\/americalatinavidros.ind.br\/frete-gratis-alv-27-e-28-novembro\/#breadcrumb","itemListElement":[{"@type":"ListItem","position":1,"name":"In\u00edcio","item":"https:\/\/americalatinavidros.ind.br\/"},{"@type":"ListItem","position":2,"name":"Frete Gr\u00e1tis na Am\u00e9rica Latina Vidros: Aproveite a Promo\u00e7\u00e3o dos Dias 27 e 28\/11"}]},{"@type":"WebSite","@id":"https:\/\/americalatinavidros.ind.br\/es\/#website","url":"https:\/\/americalatinavidros.ind.br\/es\/","name":"America Latina Vidros","description":"","publisher":{"@id":"https:\/\/americalatinavidros.ind.br\/es\/#organization"},"potentialAction":[{"@type":"SearchAction","target":{"@type":"EntryPoint","urlTemplate":"https:\/\/americalatinavidros.ind.br\/es\/?s={search_term_string}"},"query-input":{"@type":"PropertyValueSpecification","valueRequired":true,"valueName":"search_term_string"}}],"inLanguage":"es-AR"},{"@type":"Organization","@id":"https:\/\/americalatinavidros.ind.br\/es\/#organization","name":"America Latina Vidros","url":"https:\/\/americalatinavidros.ind.br\/es\/","logo":{"@type":"ImageObject","inLanguage":"es-AR","@id":"https:\/\/americalatinavidros.ind.br\/es\/#\/schema\/logo\/image\/","url":"https:\/\/americalatinavidros.ind.br\/wp-content\/uploads\/2023\/12\/Brasil.svg","contentUrl":"https:\/\/americalatinavidros.ind.br\/wp-content\/uploads\/2023\/12\/Brasil.svg","width":366,"height":557,"caption":"America Latina Vidros"},"image":{"@id":"https:\/\/americalatinavidros.ind.br\/es\/#\/schema\/logo\/image\/"},"sameAs":["https:\/\/www.facebook.com\/AmericaLatinaVidro","https:\/\/www.instagram.com\/americalatinavidros\/","https:\/\/www.instagram.com\/construcao_americalatinavidros\/","https:\/\/br.linkedin.com\/company\/americalatinavidros","https:\/\/www.facebook.com\/profile.php?id=100072339063607","https:\/\/www.tiktok.com\/@americalatinavidrosind"]},{"@type":"Person","@id":"https:\/\/americalatinavidros.ind.br\/es\/#\/schema\/person\/f70c03e8031fbb9cd2ae02346d3dc59e","name":"Mkt","sameAs":["https:\/\/americalatinavidros.ind.br\/novo\/wp-admin\u200b"],"url":"https:\/\/americalatinavidros.ind.br\/es\/author\/marketing\/"}]}},"_links":{"self":[{"href":"https:\/\/americalatinavidros.ind.br\/es\/wp-json\/wp\/v2\/posts\/1714","targetHints":{"allow":["GET"]}}],"collection":[{"href":"https:\/\/americalatinavidros.ind.br\/es\/wp-json\/wp\/v2\/posts"}],"about":[{"href":"https:\/\/americalatinavidros.ind.br\/es\/wp-json\/wp\/v2\/types\/post"}],"author":[{"embeddable":true,"href":"https:\/\/americalatinavidros.ind.br\/es\/wp-json\/wp\/v2\/users\/3"}],"replies":[{"embeddable":true,"href":"https:\/\/americalatinavidros.ind.br\/es\/wp-json\/wp\/v2\/comments?post=1714"}],"version-history":[{"count":8,"href":"https:\/\/americalatinavidros.ind.br\/es\/wp-json\/wp\/v2\/posts\/1714\/revisions"}],"predecessor-version":[{"id":1724,"href":"https:\/\/americalatinavidros.ind.br\/es\/wp-json\/wp\/v2\/posts\/1714\/revisions\/1724"}],"wp:featuredmedia":[{"embeddable":true,"href":"https:\/\/americalatinavidros.ind.br\/es\/wp-json\/wp\/v2\/media\/1723"}],"wp:attachment":[{"href":"https:\/\/americalatinavidros.ind.br\/es\/wp-json\/wp\/v2\/media?parent=1714"}],"wp:term":[{"taxonomy":"category","embeddable":true,"href":"https:\/\/americalatinavidros.ind.br\/es\/wp-json\/wp\/v2\/categories?post=1714"},{"taxonomy":"post_tag","embeddable":true,"href":"https:\/\/americalatinavidros.ind.br\/es\/wp-json\/wp\/v2\/tags?post=1714"}],"curies":[{"name":"wp","href":"https:\/\/api.w.org\/{rel}","templated":true}]}}