{"id":1708,"date":"2025-11-24T07:32:12","date_gmt":"2025-11-24T10:32:12","guid":{"rendered":"https:\/\/americalatinavidros.ind.br\/?p=1708"},"modified":"2025-11-24T07:35:48","modified_gmt":"2025-11-24T10:35:48","slug":"a-america-latina-vidros-inicia-oficialmente-sua-black-friday-2025","status":"publish","type":"post","link":"https:\/\/americalatinavidros.ind.br\/es\/a-america-latina-vidros-inicia-oficialmente-sua-black-friday-2025\/","title":{"rendered":"A Am\u00e9rica Latina Vidros inicia oficialmente sua Black Friday 2025"},"content":{"rendered":"<div data-elementor-type=\"wp-post\" data-elementor-id=\"1708\" class=\"elementor elementor-1708\" data-elementor-post-type=\"post\">\n\t\t\t\t<div class=\"elementor-element elementor-element-85843be e-flex e-con-boxed e-con e-parent\" data-id=\"85843be\" data-element_type=\"container\" data-e-type=\"container\" data-settings=\"{&quot;jet_parallax_layout_list&quot;:[]}\">\n\t\t\t\t\t<div class=\"e-con-inner\">\n\t\t<div class=\"elementor-element elementor-element-2c2e63d e-con-full e-flex e-con e-child\" data-id=\"2c2e63d\" data-element_type=\"container\" data-e-type=\"container\" data-settings=\"{&quot;jet_parallax_layout_list&quot;:[]}\">\n\t\t<div class=\"elementor-element elementor-element-290e91a e-con-full e-flex e-con e-child\" data-id=\"290e91a\" data-element_type=\"container\" data-e-type=\"container\" data-settings=\"{&quot;jet_parallax_layout_list&quot;:[]}\">\n\t\t\t\t<div class=\"elementor-element elementor-element-9666d1d elementor-widget__width-initial elementor-widget elementor-widget-theme-post-featured-image elementor-widget-image\" data-id=\"9666d1d\" data-element_type=\"widget\" data-e-type=\"widget\" data-widget_type=\"theme-post-featured-image.default\">\n\t\t\t\t<div class=\"elementor-widget-container\">\n\t\t\t\t\t\t\t\t\t\t\t\t\t\t\t<img fetchpriority=\"high\" decoding=\"async\" width=\"2048\" height=\"2560\" src=\"https:\/\/americalatinavidros.ind.br\/wp-content\/uploads\/2025\/11\/alv-setembro-16-scaled.jpg\" class=\"attachment-full size-full wp-image-1710\" alt=\"\" srcset=\"https:\/\/americalatinavidros.ind.br\/wp-content\/uploads\/2025\/11\/alv-setembro-16-scaled.jpg 2048w, https:\/\/americalatinavidros.ind.br\/wp-content\/uploads\/2025\/11\/alv-setembro-16-240x300.jpg 240w, https:\/\/americalatinavidros.ind.br\/wp-content\/uploads\/2025\/11\/alv-setembro-16-819x1024.jpg 819w, https:\/\/americalatinavidros.ind.br\/wp-content\/uploads\/2025\/11\/alv-setembro-16-768x960.jpg 768w, https:\/\/americalatinavidros.ind.br\/wp-content\/uploads\/2025\/11\/alv-setembro-16-1229x1536.jpg 1229w, https:\/\/americalatinavidros.ind.br\/wp-content\/uploads\/2025\/11\/alv-setembro-16-1638x2048.jpg 1638w, https:\/\/americalatinavidros.ind.br\/wp-content\/uploads\/2025\/11\/alv-setembro-16-10x12.jpg 10w, https:\/\/americalatinavidros.ind.br\/wp-content\/uploads\/2025\/11\/alv-setembro-16-600x750.jpg 600w\" sizes=\"(max-width: 2048px) 100vw, 2048px\" \/>\t\t\t\t\t\t\t\t\t\t\t\t\t\t\t<\/div>\n\t\t\t\t<\/div>\n\t\t\t\t<div class=\"elementor-element elementor-element-5dc4fbc elementor-widget elementor-widget-theme-post-title elementor-page-title elementor-widget-heading\" data-id=\"5dc4fbc\" data-element_type=\"widget\" data-e-type=\"widget\" data-widget_type=\"theme-post-title.default\">\n\t\t\t\t<div class=\"elementor-widget-container\">\n\t\t\t\t\t<h1 class=\"elementor-heading-title elementor-size-default\">A Am\u00e9rica Latina Vidros inicia oficialmente sua Black Friday 2025<\/h1>\t\t\t\t<\/div>\n\t\t\t\t<\/div>\n\t\t\t\t<div class=\"elementor-element elementor-element-9e3226a elementor-widget elementor-widget-text-editor\" data-id=\"9e3226a\" data-element_type=\"widget\" data-e-type=\"widget\" data-widget_type=\"text-editor.default\">\n\t\t\t\t<div class=\"elementor-widget-container\">\n\t\t\t\t\t\t\t\t\t<p data-start=\"107\" data-end=\"502\">A Am\u00e9rica Latina Vidros anuncia o in\u00edcio oficial da <strong data-start=\"159\" data-end=\"180\">Black Friday 2025<\/strong>, trazendo condi\u00e7\u00f5es exclusivas para clientes que atuam no setor de <strong data-start=\"248\" data-end=\"308\">vidros de reposi\u00e7\u00e3o para maquin\u00e1rios agr\u00edcolas e pesados<\/strong>. Esta \u00e9 uma oportunidade estrat\u00e9gica para renovar o estoque, garantir pe\u00e7as de alta durabilidade e otimizar o desempenho das opera\u00e7\u00f5es, sempre com a confiabilidade que a ALV oferece ao mercado.<\/p><p data-start=\"504\" data-end=\"704\">Entre os dias <strong data-start=\"518\" data-end=\"541\">24 e 26 de novembro<\/strong>, os clientes poder\u00e3o aproveitar <strong data-start=\"574\" data-end=\"585\">15% OFF<\/strong> em toda a linha de vidros para m\u00e1quinas agr\u00edcolas e pesadas.<br data-start=\"646\" data-end=\"649\" \/><em data-start=\"649\" data-end=\"704\">(Oferta n\u00e3o v\u00e1lida para clientes da Tabela Diamante.)<\/em><\/p><p data-start=\"706\" data-end=\"1005\">Al\u00e9m do desconto principal, durante toda a semana ser\u00e3o divulgadas <strong data-start=\"773\" data-end=\"794\">ofertas rel\u00e2mpago<\/strong> em nossos canais sociais. Essas a\u00e7\u00f5es refor\u00e7am o compromisso da ALV em entregar solu\u00e7\u00f5es acess\u00edveis, de qualidade superior e alinhadas \u00e0s necessidades de quem movimenta o campo e a ind\u00fastria pesada diariamente.<\/p><p data-start=\"1007\" data-end=\"1188\">Com atua\u00e7\u00e3o consolidada no mercado e dedica\u00e7\u00e3o cont\u00ednua \u00e0 inova\u00e7\u00e3o, seguimos apoiando nossos clientes e parceiros na constru\u00e7\u00e3o de opera\u00e7\u00f5es mais seguras, eficientes e competitivas.<\/p><p data-start=\"1190\" data-end=\"1300\">Acompanhe nossas publica\u00e7\u00f5es e aproveite todas as oportunidades que preparamos para impulsionar o seu neg\u00f3cio.<\/p><p data-start=\"1548\" data-end=\"1641\"><strong data-start=\"1548\" data-end=\"1565\">Acesse agora:<\/strong> <a class=\"decorated-link\" href=\"http:\/\/loja.americalatinavidros.ind.br\" target=\"_new\" rel=\"noopener\" data-start=\"1566\" data-end=\"1639\">loja.americalatinavidros.ind.br<\/a><\/p>\t\t\t\t\t\t\t\t<\/div>\n\t\t\t\t<\/div>\n\t\t\t\t<\/div>\n\t\t\t\t<\/div>\n\t\t<div class=\"elementor-element elementor-element-ac15540 e-con-full e-flex e-con e-child\" data-id=\"ac15540\" data-element_type=\"container\" data-e-type=\"container\" data-settings=\"{&quot;jet_parallax_layout_list&quot;:[]}\">\n\t\t<div class=\"elementor-element elementor-element-b30b384 e-con-full e-flex e-con e-child\" data-id=\"b30b384\" data-element_type=\"container\" data-e-type=\"container\" data-settings=\"{&quot;background_background&quot;:&quot;classic&quot;,&quot;jet_parallax_layout_list&quot;:[]}\">\n\t\t\t\t<div class=\"elementor-element elementor-element-75eeb59 elementor-widget elementor-widget-jet-posts\" data-id=\"75eeb59\" data-element_type=\"widget\" data-e-type=\"widget\" data-settings=\"{&quot;columns&quot;:&quot;1&quot;}\" data-widget_type=\"jet-posts.default\">\n\t\t\t\t<div class=\"elementor-widget-container\">\n\t\t\t\t\t<div class=\"elementor-jet-posts jet-elements\"><div class=\"jet-posts col-row\"><div class=\"jet-posts__item\">\n\t<div class=\"jet-posts__inner-box\"><div class=\"post-thumbnail\"><a href=\"https:\/\/americalatinavidros.ind.br\/es\/vidros-de-reposicao-maquinas\/\" class=\"post-thumbnail__link\"><img loading=\"lazy\" decoding=\"async\" class=\"post-thumbnail__img wp-post-image\" src=\"https:\/\/americalatinavidros.ind.br\/wp-content\/uploads\/2026\/01\/WhatsApp-Image-2026-01-15-at-12.07.08.jpeg\" alt=\"Somos uma Ind\u00fastria e Com\u00e9rcio de Vidros de Reposi\u00e7\u00e3o para M\u00e1quinas Agr\u00edcolas e Pesadas\" width=\"1280\" height=\"1600\"><\/a><\/div><div class=\"jet-posts__inner-content\"><h3 class=\"entry-title\"><a href=\"https:\/\/americalatinavidros.ind.br\/es\/vidros-de-reposicao-maquinas\/\" target=\"\">Somos uma Ind\u00fastria e Com\u00e9rcio de Vidros de Reposi\u00e7\u00e3o para M\u00e1quinas Agr\u00edcolas e Pesadas<\/a><\/h3><div class=\"entry-excerpt\">Atuamos como ind\u00fastria e com\u00e9rcio de vidros de reposi\u00e7\u00e3o para m\u00e1quinas agr\u00edcolas e pesadas, com s\u00f3lida experi\u00eancia no mercado e foco em atender empresas que buscam fornecimento confi\u00e1vel, padr\u00e3o de qualidade e pre\u00e7os atrativos.\u00a0 Oferecemos um portf\u00f3lio completo de vidros para diferentes marcas e modelos de m\u00e1quinas. Contamos com processos&hellip;<\/div><div class=\"jet-more-wrap\"><a href=\"https:\/\/americalatinavidros.ind.br\/es\/vidros-de-reposicao-maquinas\/\" class=\"btn btn-primary elementor-button elementor-size-md jet-more\" target=\"\"><span class=\"btn__text\">LER MAIS<\/span><\/a><\/div><\/div><\/div>\n<\/div>\n<\/div>\n<\/div>\t\t\t\t<\/div>\n\t\t\t\t<\/div>\n\t\t\t\t<\/div>\n\t\t\t\t<\/div>\n\t\t\t\t\t<\/div>\n\t\t\t\t<\/div>\n\t\t\t\t<\/div>","protected":false},"excerpt":{"rendered":"<p>A Am\u00e9rica Latina Vidros anuncia o in\u00edcio oficial da Black Friday 2025, trazendo condi\u00e7\u00f5es exclusivas para clientes que atuam no setor de vidros de reposi\u00e7\u00e3o para maquin\u00e1rios agr\u00edcolas e pesados. Esta \u00e9 uma oportunidade estrat\u00e9gica para renovar o estoque, garantir pe\u00e7as de alta durabilidade e otimizar o desempenho das opera\u00e7\u00f5es, sempre com a confiabilidade que [&hellip;]<\/p>","protected":false},"author":3,"featured_media":1710,"comment_status":"closed","ping_status":"open","sticky":false,"template":"elementor_header_footer","format":"standard","meta":{"footnotes":""},"categories":[1],"tags":[],"class_list":["post-1708","post","type-post","status-publish","format-standard","has-post-thumbnail","hentry","category-sem-categoria"],"yoast_head":"<!-- This site is optimized with the Yoast SEO plugin v26.7 - https:\/\/yoast.com\/wordpress\/plugins\/seo\/ -->\n<title>A Am\u00e9rica Latina Vidros inicia oficialmente sua Black Friday 2025 - America Latina Vidros<\/title>\n<meta name=\"description\" content=\"Black Friday 2025 da Am\u00e9rica Latina Vidros: 15% OFF em vidros para m\u00e1quinas agr\u00edcolas e pesadas e ofertas rel\u00e2mpago durante a semana. Aproveite!\" \/>\n<meta name=\"robots\" content=\"index, follow, max-snippet:-1, max-image-preview:large, max-video-preview:-1\" \/>\n<link rel=\"canonical\" href=\"https:\/\/americalatinavidros.ind.br\/es\/a-america-latina-vidros-inicia-oficialmente-sua-black-friday-2025\/\" \/>\n<meta property=\"og:locale\" content=\"es_ES\" \/>\n<meta property=\"og:type\" content=\"article\" \/>\n<meta property=\"og:title\" content=\"A Am\u00e9rica Latina Vidros inicia oficialmente sua Black Friday 2025 - America Latina Vidros\" \/>\n<meta property=\"og:description\" content=\"Black Friday 2025 da Am\u00e9rica Latina Vidros: 15% OFF em vidros para m\u00e1quinas agr\u00edcolas e pesadas e ofertas rel\u00e2mpago durante a semana. Aproveite!\" \/>\n<meta property=\"og:url\" content=\"https:\/\/americalatinavidros.ind.br\/es\/a-america-latina-vidros-inicia-oficialmente-sua-black-friday-2025\/\" \/>\n<meta property=\"og:site_name\" content=\"America Latina Vidros\" \/>\n<meta property=\"article:publisher\" content=\"https:\/\/www.facebook.com\/AmericaLatinaVidro\" \/>\n<meta property=\"article:published_time\" content=\"2025-11-24T10:32:12+00:00\" \/>\n<meta property=\"article:modified_time\" content=\"2025-11-24T10:35:48+00:00\" \/>\n<meta property=\"og:image\" content=\"https:\/\/americalatinavidros.ind.br\/wp-content\/uploads\/2025\/11\/alv-setembro-16-scaled.jpg\" \/>\n\t<meta property=\"og:image:width\" content=\"2048\" \/>\n\t<meta property=\"og:image:height\" content=\"2560\" \/>\n\t<meta property=\"og:image:type\" content=\"image\/jpeg\" \/>\n<meta name=\"author\" content=\"Mkt\" \/>\n<meta name=\"twitter:card\" content=\"summary_large_image\" \/>\n<meta name=\"twitter:label1\" content=\"Escrito por\" \/>\n\t<meta name=\"twitter:data1\" content=\"Mkt\" \/>\n\t<meta name=\"twitter:label2\" content=\"Tiempo de lectura\" \/>\n\t<meta name=\"twitter:data2\" content=\"2 minutos\" \/>\n<script type=\"application\/ld+json\" class=\"yoast-schema-graph\">{\"@context\":\"https:\/\/schema.org\",\"@graph\":[{\"@type\":\"Article\",\"@id\":\"https:\/\/americalatinavidros.ind.br\/a-america-latina-vidros-inicia-oficialmente-sua-black-friday-2025\/#article\",\"isPartOf\":{\"@id\":\"https:\/\/americalatinavidros.ind.br\/a-america-latina-vidros-inicia-oficialmente-sua-black-friday-2025\/\"},\"author\":{\"name\":\"Mkt\",\"@id\":\"https:\/\/americalatinavidros.ind.br\/es\/#\/schema\/person\/f70c03e8031fbb9cd2ae02346d3dc59e\"},\"headline\":\"A Am\u00e9rica Latina Vidros inicia oficialmente sua Black Friday 2025\",\"datePublished\":\"2025-11-24T10:32:12+00:00\",\"dateModified\":\"2025-11-24T10:35:48+00:00\",\"mainEntityOfPage\":{\"@id\":\"https:\/\/americalatinavidros.ind.br\/a-america-latina-vidros-inicia-oficialmente-sua-black-friday-2025\/\"},\"wordCount\":287,\"publisher\":{\"@id\":\"https:\/\/americalatinavidros.ind.br\/es\/#organization\"},\"image\":{\"@id\":\"https:\/\/americalatinavidros.ind.br\/a-america-latina-vidros-inicia-oficialmente-sua-black-friday-2025\/#primaryimage\"},\"thumbnailUrl\":\"https:\/\/americalatinavidros.ind.br\/wp-content\/uploads\/2025\/11\/alv-setembro-16-scaled.jpg\",\"articleSection\":[\"Sem categoria\"],\"inLanguage\":\"es-AR\"},{\"@type\":\"WebPage\",\"@id\":\"https:\/\/americalatinavidros.ind.br\/a-america-latina-vidros-inicia-oficialmente-sua-black-friday-2025\/\",\"url\":\"https:\/\/americalatinavidros.ind.br\/a-america-latina-vidros-inicia-oficialmente-sua-black-friday-2025\/\",\"name\":\"A Am\u00e9rica Latina Vidros inicia oficialmente sua Black Friday 2025 - America Latina Vidros\",\"isPartOf\":{\"@id\":\"https:\/\/americalatinavidros.ind.br\/es\/#website\"},\"primaryImageOfPage\":{\"@id\":\"https:\/\/americalatinavidros.ind.br\/a-america-latina-vidros-inicia-oficialmente-sua-black-friday-2025\/#primaryimage\"},\"image\":{\"@id\":\"https:\/\/americalatinavidros.ind.br\/a-america-latina-vidros-inicia-oficialmente-sua-black-friday-2025\/#primaryimage\"},\"thumbnailUrl\":\"https:\/\/americalatinavidros.ind.br\/wp-content\/uploads\/2025\/11\/alv-setembro-16-scaled.jpg\",\"datePublished\":\"2025-11-24T10:32:12+00:00\",\"dateModified\":\"2025-11-24T10:35:48+00:00\",\"description\":\"Black Friday 2025 da Am\u00e9rica Latina Vidros: 15% OFF em vidros para m\u00e1quinas agr\u00edcolas e pesadas e ofertas rel\u00e2mpago durante a semana. Aproveite!\",\"breadcrumb\":{\"@id\":\"https:\/\/americalatinavidros.ind.br\/a-america-latina-vidros-inicia-oficialmente-sua-black-friday-2025\/#breadcrumb\"},\"inLanguage\":\"es-AR\",\"potentialAction\":[{\"@type\":\"ReadAction\",\"target\":[\"https:\/\/americalatinavidros.ind.br\/a-america-latina-vidros-inicia-oficialmente-sua-black-friday-2025\/\"]}]},{\"@type\":\"ImageObject\",\"inLanguage\":\"es-AR\",\"@id\":\"https:\/\/americalatinavidros.ind.br\/a-america-latina-vidros-inicia-oficialmente-sua-black-friday-2025\/#primaryimage\",\"url\":\"https:\/\/americalatinavidros.ind.br\/wp-content\/uploads\/2025\/11\/alv-setembro-16-scaled.jpg\",\"contentUrl\":\"https:\/\/americalatinavidros.ind.br\/wp-content\/uploads\/2025\/11\/alv-setembro-16-scaled.jpg\",\"width\":2048,\"height\":2560},{\"@type\":\"BreadcrumbList\",\"@id\":\"https:\/\/americalatinavidros.ind.br\/a-america-latina-vidros-inicia-oficialmente-sua-black-friday-2025\/#breadcrumb\",\"itemListElement\":[{\"@type\":\"ListItem\",\"position\":1,\"name\":\"In\u00edcio\",\"item\":\"https:\/\/americalatinavidros.ind.br\/\"},{\"@type\":\"ListItem\",\"position\":2,\"name\":\"A Am\u00e9rica Latina Vidros inicia oficialmente sua Black Friday 2025\"}]},{\"@type\":\"WebSite\",\"@id\":\"https:\/\/americalatinavidros.ind.br\/es\/#website\",\"url\":\"https:\/\/americalatinavidros.ind.br\/es\/\",\"name\":\"America Latina Vidros\",\"description\":\"\",\"publisher\":{\"@id\":\"https:\/\/americalatinavidros.ind.br\/es\/#organization\"},\"potentialAction\":[{\"@type\":\"SearchAction\",\"target\":{\"@type\":\"EntryPoint\",\"urlTemplate\":\"https:\/\/americalatinavidros.ind.br\/es\/?s={search_term_string}\"},\"query-input\":{\"@type\":\"PropertyValueSpecification\",\"valueRequired\":true,\"valueName\":\"search_term_string\"}}],\"inLanguage\":\"es-AR\"},{\"@type\":\"Organization\",\"@id\":\"https:\/\/americalatinavidros.ind.br\/es\/#organization\",\"name\":\"America Latina Vidros\",\"url\":\"https:\/\/americalatinavidros.ind.br\/es\/\",\"logo\":{\"@type\":\"ImageObject\",\"inLanguage\":\"es-AR\",\"@id\":\"https:\/\/americalatinavidros.ind.br\/es\/#\/schema\/logo\/image\/\",\"url\":\"https:\/\/americalatinavidros.ind.br\/wp-content\/uploads\/2023\/12\/Brasil.svg\",\"contentUrl\":\"https:\/\/americalatinavidros.ind.br\/wp-content\/uploads\/2023\/12\/Brasil.svg\",\"width\":366,\"height\":557,\"caption\":\"America Latina Vidros\"},\"image\":{\"@id\":\"https:\/\/americalatinavidros.ind.br\/es\/#\/schema\/logo\/image\/\"},\"sameAs\":[\"https:\/\/www.facebook.com\/AmericaLatinaVidro\",\"https:\/\/www.instagram.com\/americalatinavidros\/\",\"https:\/\/www.instagram.com\/construcao_americalatinavidros\/\",\"https:\/\/br.linkedin.com\/company\/americalatinavidros\",\"https:\/\/www.facebook.com\/profile.php?id=100072339063607\",\"https:\/\/www.tiktok.com\/@americalatinavidrosind\"]},{\"@type\":\"Person\",\"@id\":\"https:\/\/americalatinavidros.ind.br\/es\/#\/schema\/person\/f70c03e8031fbb9cd2ae02346d3dc59e\",\"name\":\"Mkt\",\"sameAs\":[\"https:\/\/americalatinavidros.ind.br\/novo\/wp-admin\u200b\"],\"url\":\"https:\/\/americalatinavidros.ind.br\/es\/author\/marketing\/\"}]}<\/script>\n<!-- \/ Yoast SEO plugin. -->","yoast_head_json":{"title":"A Am\u00e9rica Latina Vidros inicia oficialmente sua Black Friday 2025 - America Latina Vidros","description":"Black Friday 2025 da Am\u00e9rica Latina Vidros: 15% OFF em vidros para m\u00e1quinas agr\u00edcolas e pesadas e ofertas rel\u00e2mpago durante a semana. Aproveite!","robots":{"index":"index","follow":"follow","max-snippet":"max-snippet:-1","max-image-preview":"max-image-preview:large","max-video-preview":"max-video-preview:-1"},"canonical":"https:\/\/americalatinavidros.ind.br\/es\/a-america-latina-vidros-inicia-oficialmente-sua-black-friday-2025\/","og_locale":"es_ES","og_type":"article","og_title":"A Am\u00e9rica Latina Vidros inicia oficialmente sua Black Friday 2025 - America Latina Vidros","og_description":"Black Friday 2025 da Am\u00e9rica Latina Vidros: 15% OFF em vidros para m\u00e1quinas agr\u00edcolas e pesadas e ofertas rel\u00e2mpago durante a semana. Aproveite!","og_url":"https:\/\/americalatinavidros.ind.br\/es\/a-america-latina-vidros-inicia-oficialmente-sua-black-friday-2025\/","og_site_name":"America Latina Vidros","article_publisher":"https:\/\/www.facebook.com\/AmericaLatinaVidro","article_published_time":"2025-11-24T10:32:12+00:00","article_modified_time":"2025-11-24T10:35:48+00:00","og_image":[{"width":2048,"height":2560,"url":"https:\/\/americalatinavidros.ind.br\/wp-content\/uploads\/2025\/11\/alv-setembro-16-scaled.jpg","type":"image\/jpeg"}],"author":"Mkt","twitter_card":"summary_large_image","twitter_misc":{"Escrito por":"Mkt","Tiempo de lectura":"2 minutos"},"schema":{"@context":"https:\/\/schema.org","@graph":[{"@type":"Article","@id":"https:\/\/americalatinavidros.ind.br\/a-america-latina-vidros-inicia-oficialmente-sua-black-friday-2025\/#article","isPartOf":{"@id":"https:\/\/americalatinavidros.ind.br\/a-america-latina-vidros-inicia-oficialmente-sua-black-friday-2025\/"},"author":{"name":"Mkt","@id":"https:\/\/americalatinavidros.ind.br\/es\/#\/schema\/person\/f70c03e8031fbb9cd2ae02346d3dc59e"},"headline":"A Am\u00e9rica Latina Vidros inicia oficialmente sua Black Friday 2025","datePublished":"2025-11-24T10:32:12+00:00","dateModified":"2025-11-24T10:35:48+00:00","mainEntityOfPage":{"@id":"https:\/\/americalatinavidros.ind.br\/a-america-latina-vidros-inicia-oficialmente-sua-black-friday-2025\/"},"wordCount":287,"publisher":{"@id":"https:\/\/americalatinavidros.ind.br\/es\/#organization"},"image":{"@id":"https:\/\/americalatinavidros.ind.br\/a-america-latina-vidros-inicia-oficialmente-sua-black-friday-2025\/#primaryimage"},"thumbnailUrl":"https:\/\/americalatinavidros.ind.br\/wp-content\/uploads\/2025\/11\/alv-setembro-16-scaled.jpg","articleSection":["Sem categoria"],"inLanguage":"es-AR"},{"@type":"WebPage","@id":"https:\/\/americalatinavidros.ind.br\/a-america-latina-vidros-inicia-oficialmente-sua-black-friday-2025\/","url":"https:\/\/americalatinavidros.ind.br\/a-america-latina-vidros-inicia-oficialmente-sua-black-friday-2025\/","name":"A Am\u00e9rica Latina Vidros inicia oficialmente sua Black Friday 2025 - America Latina Vidros","isPartOf":{"@id":"https:\/\/americalatinavidros.ind.br\/es\/#website"},"primaryImageOfPage":{"@id":"https:\/\/americalatinavidros.ind.br\/a-america-latina-vidros-inicia-oficialmente-sua-black-friday-2025\/#primaryimage"},"image":{"@id":"https:\/\/americalatinavidros.ind.br\/a-america-latina-vidros-inicia-oficialmente-sua-black-friday-2025\/#primaryimage"},"thumbnailUrl":"https:\/\/americalatinavidros.ind.br\/wp-content\/uploads\/2025\/11\/alv-setembro-16-scaled.jpg","datePublished":"2025-11-24T10:32:12+00:00","dateModified":"2025-11-24T10:35:48+00:00","description":"Black Friday 2025 da Am\u00e9rica Latina Vidros: 15% OFF em vidros para m\u00e1quinas agr\u00edcolas e pesadas e ofertas rel\u00e2mpago durante a semana. Aproveite!","breadcrumb":{"@id":"https:\/\/americalatinavidros.ind.br\/a-america-latina-vidros-inicia-oficialmente-sua-black-friday-2025\/#breadcrumb"},"inLanguage":"es-AR","potentialAction":[{"@type":"ReadAction","target":["https:\/\/americalatinavidros.ind.br\/a-america-latina-vidros-inicia-oficialmente-sua-black-friday-2025\/"]}]},{"@type":"ImageObject","inLanguage":"es-AR","@id":"https:\/\/americalatinavidros.ind.br\/a-america-latina-vidros-inicia-oficialmente-sua-black-friday-2025\/#primaryimage","url":"https:\/\/americalatinavidros.ind.br\/wp-content\/uploads\/2025\/11\/alv-setembro-16-scaled.jpg","contentUrl":"https:\/\/americalatinavidros.ind.br\/wp-content\/uploads\/2025\/11\/alv-setembro-16-scaled.jpg","width":2048,"height":2560},{"@type":"BreadcrumbList","@id":"https:\/\/americalatinavidros.ind.br\/a-america-latina-vidros-inicia-oficialmente-sua-black-friday-2025\/#breadcrumb","itemListElement":[{"@type":"ListItem","position":1,"name":"In\u00edcio","item":"https:\/\/americalatinavidros.ind.br\/"},{"@type":"ListItem","position":2,"name":"A Am\u00e9rica Latina Vidros inicia oficialmente sua Black Friday 2025"}]},{"@type":"WebSite","@id":"https:\/\/americalatinavidros.ind.br\/es\/#website","url":"https:\/\/americalatinavidros.ind.br\/es\/","name":"America Latina Vidros","description":"","publisher":{"@id":"https:\/\/americalatinavidros.ind.br\/es\/#organization"},"potentialAction":[{"@type":"SearchAction","target":{"@type":"EntryPoint","urlTemplate":"https:\/\/americalatinavidros.ind.br\/es\/?s={search_term_string}"},"query-input":{"@type":"PropertyValueSpecification","valueRequired":true,"valueName":"search_term_string"}}],"inLanguage":"es-AR"},{"@type":"Organization","@id":"https:\/\/americalatinavidros.ind.br\/es\/#organization","name":"America Latina Vidros","url":"https:\/\/americalatinavidros.ind.br\/es\/","logo":{"@type":"ImageObject","inLanguage":"es-AR","@id":"https:\/\/americalatinavidros.ind.br\/es\/#\/schema\/logo\/image\/","url":"https:\/\/americalatinavidros.ind.br\/wp-content\/uploads\/2023\/12\/Brasil.svg","contentUrl":"https:\/\/americalatinavidros.ind.br\/wp-content\/uploads\/2023\/12\/Brasil.svg","width":366,"height":557,"caption":"America Latina Vidros"},"image":{"@id":"https:\/\/americalatinavidros.ind.br\/es\/#\/schema\/logo\/image\/"},"sameAs":["https:\/\/www.facebook.com\/AmericaLatinaVidro","https:\/\/www.instagram.com\/americalatinavidros\/","https:\/\/www.instagram.com\/construcao_americalatinavidros\/","https:\/\/br.linkedin.com\/company\/americalatinavidros","https:\/\/www.facebook.com\/profile.php?id=100072339063607","https:\/\/www.tiktok.com\/@americalatinavidrosind"]},{"@type":"Person","@id":"https:\/\/americalatinavidros.ind.br\/es\/#\/schema\/person\/f70c03e8031fbb9cd2ae02346d3dc59e","name":"Mkt","sameAs":["https:\/\/americalatinavidros.ind.br\/novo\/wp-admin\u200b"],"url":"https:\/\/americalatinavidros.ind.br\/es\/author\/marketing\/"}]}},"_links":{"self":[{"href":"https:\/\/americalatinavidros.ind.br\/es\/wp-json\/wp\/v2\/posts\/1708","targetHints":{"allow":["GET"]}}],"collection":[{"href":"https:\/\/americalatinavidros.ind.br\/es\/wp-json\/wp\/v2\/posts"}],"about":[{"href":"https:\/\/americalatinavidros.ind.br\/es\/wp-json\/wp\/v2\/types\/post"}],"author":[{"embeddable":true,"href":"https:\/\/americalatinavidros.ind.br\/es\/wp-json\/wp\/v2\/users\/3"}],"replies":[{"embeddable":true,"href":"https:\/\/americalatinavidros.ind.br\/es\/wp-json\/wp\/v2\/comments?post=1708"}],"version-history":[{"count":4,"href":"https:\/\/americalatinavidros.ind.br\/es\/wp-json\/wp\/v2\/posts\/1708\/revisions"}],"predecessor-version":[{"id":1713,"href":"https:\/\/americalatinavidros.ind.br\/es\/wp-json\/wp\/v2\/posts\/1708\/revisions\/1713"}],"wp:featuredmedia":[{"embeddable":true,"href":"https:\/\/americalatinavidros.ind.br\/es\/wp-json\/wp\/v2\/media\/1710"}],"wp:attachment":[{"href":"https:\/\/americalatinavidros.ind.br\/es\/wp-json\/wp\/v2\/media?parent=1708"}],"wp:term":[{"taxonomy":"category","embeddable":true,"href":"https:\/\/americalatinavidros.ind.br\/es\/wp-json\/wp\/v2\/categories?post=1708"},{"taxonomy":"post_tag","embeddable":true,"href":"https:\/\/americalatinavidros.ind.br\/es\/wp-json\/wp\/v2\/tags?post=1708"}],"curies":[{"name":"wp","href":"https:\/\/api.w.org\/{rel}","templated":true}]}}