{"id":1551,"date":"2025-05-20T15:22:54","date_gmt":"2025-05-20T18:22:54","guid":{"rendered":"https:\/\/americalatinavidros.ind.br\/?p=1551"},"modified":"2025-05-20T15:28:22","modified_gmt":"2025-05-20T18:28:22","slug":"gestao-da-qualidade-da-america-latina-vidros-e-certificada-pela-iso-90012015","status":"publish","type":"post","link":"https:\/\/americalatinavidros.ind.br\/es\/gestao-da-qualidade-da-america-latina-vidros-e-certificada-pela-iso-90012015\/","title":{"rendered":"Gest\u00e3o da qualidade da Am\u00e9rica Latina Vidros \u00e9 certificada pela ISO 9001:2015"},"content":{"rendered":"<div data-elementor-type=\"wp-post\" data-elementor-id=\"1551\" class=\"elementor elementor-1551\" data-elementor-post-type=\"post\">\n\t\t\t\t<div class=\"elementor-element elementor-element-85843be e-flex e-con-boxed e-con e-parent\" data-id=\"85843be\" data-element_type=\"container\" data-e-type=\"container\" data-settings=\"{&quot;jet_parallax_layout_list&quot;:[]}\">\n\t\t\t\t\t<div class=\"e-con-inner\">\n\t\t<div class=\"elementor-element elementor-element-2c2e63d e-con-full e-flex e-con e-child\" data-id=\"2c2e63d\" data-element_type=\"container\" data-e-type=\"container\" data-settings=\"{&quot;jet_parallax_layout_list&quot;:[]}\">\n\t\t<div class=\"elementor-element elementor-element-290e91a e-con-full e-flex e-con e-child\" data-id=\"290e91a\" data-element_type=\"container\" data-e-type=\"container\" data-settings=\"{&quot;jet_parallax_layout_list&quot;:[]}\">\n\t\t\t\t<div class=\"elementor-element elementor-element-9666d1d elementor-widget__width-initial elementor-widget elementor-widget-theme-post-featured-image elementor-widget-image\" data-id=\"9666d1d\" data-element_type=\"widget\" data-e-type=\"widget\" data-widget_type=\"theme-post-featured-image.default\">\n\t\t\t\t<div class=\"elementor-widget-container\">\n\t\t\t\t\t\t\t\t\t\t\t\t\t\t\t<img fetchpriority=\"high\" decoding=\"async\" width=\"2048\" height=\"2560\" src=\"https:\/\/americalatinavidros.ind.br\/wp-content\/uploads\/2025\/05\/Post-Instagram-Sua-Empresa-Merece-o-Melhor-Contabilidade-Moderno-Azul-1-scaled.png\" class=\"attachment-full size-full wp-image-1552\" alt=\"\" srcset=\"https:\/\/americalatinavidros.ind.br\/wp-content\/uploads\/2025\/05\/Post-Instagram-Sua-Empresa-Merece-o-Melhor-Contabilidade-Moderno-Azul-1-scaled.png 2048w, https:\/\/americalatinavidros.ind.br\/wp-content\/uploads\/2025\/05\/Post-Instagram-Sua-Empresa-Merece-o-Melhor-Contabilidade-Moderno-Azul-1-240x300.png 240w, https:\/\/americalatinavidros.ind.br\/wp-content\/uploads\/2025\/05\/Post-Instagram-Sua-Empresa-Merece-o-Melhor-Contabilidade-Moderno-Azul-1-819x1024.png 819w, https:\/\/americalatinavidros.ind.br\/wp-content\/uploads\/2025\/05\/Post-Instagram-Sua-Empresa-Merece-o-Melhor-Contabilidade-Moderno-Azul-1-768x960.png 768w, https:\/\/americalatinavidros.ind.br\/wp-content\/uploads\/2025\/05\/Post-Instagram-Sua-Empresa-Merece-o-Melhor-Contabilidade-Moderno-Azul-1-1229x1536.png 1229w, https:\/\/americalatinavidros.ind.br\/wp-content\/uploads\/2025\/05\/Post-Instagram-Sua-Empresa-Merece-o-Melhor-Contabilidade-Moderno-Azul-1-1638x2048.png 1638w, https:\/\/americalatinavidros.ind.br\/wp-content\/uploads\/2025\/05\/Post-Instagram-Sua-Empresa-Merece-o-Melhor-Contabilidade-Moderno-Azul-1-10x12.png 10w, https:\/\/americalatinavidros.ind.br\/wp-content\/uploads\/2025\/05\/Post-Instagram-Sua-Empresa-Merece-o-Melhor-Contabilidade-Moderno-Azul-1-600x750.png 600w\" sizes=\"(max-width: 2048px) 100vw, 2048px\" \/>\t\t\t\t\t\t\t\t\t\t\t\t\t\t\t<\/div>\n\t\t\t\t<\/div>\n\t\t\t\t<div class=\"elementor-element elementor-element-5dc4fbc elementor-widget elementor-widget-theme-post-title elementor-page-title elementor-widget-heading\" data-id=\"5dc4fbc\" data-element_type=\"widget\" data-e-type=\"widget\" data-widget_type=\"theme-post-title.default\">\n\t\t\t\t<div class=\"elementor-widget-container\">\n\t\t\t\t\t<h1 class=\"elementor-heading-title elementor-size-default\">Gest\u00e3o da qualidade da Am\u00e9rica Latina Vidros \u00e9 certificada pela ISO 9001:2015<\/h1>\t\t\t\t<\/div>\n\t\t\t\t<\/div>\n\t\t\t\t<div class=\"elementor-element elementor-element-9e3226a elementor-widget elementor-widget-text-editor\" data-id=\"9e3226a\" data-element_type=\"widget\" data-e-type=\"widget\" data-widget_type=\"text-editor.default\">\n\t\t\t\t<div class=\"elementor-widget-container\">\n\t\t\t\t\t\t\t\t\t<p class=\"\" data-start=\"118\" data-end=\"257\"><strong data-start=\"118\" data-end=\"132\">\u00c9 oficial.<\/strong><br data-start=\"132\" data-end=\"135\" \/>Temos o orgulho de anunciar que a gest\u00e3o da qualidade da Am\u00e9rica Latina Vidros agora \u00e9 certificada pela <strong data-start=\"239\" data-end=\"256\">ISO 9001:2015<\/strong>.<\/p><p class=\"\" data-start=\"259\" data-end=\"415\">Mais do que um selo, essa conquista reafirma o nosso compromisso com a <strong data-start=\"330\" data-end=\"414\">qualidade, a excel\u00eancia nos processos e a constante busca pela melhoria cont\u00ednua<\/strong>.<\/p><p class=\"\" data-start=\"417\" data-end=\"641\">Na Am\u00e9rica Latina Vidros, cada etapa \u00e9 pensada para garantir seguran\u00e7a, pontualidade e alto padr\u00e3o em tudo o que entregamos. Nossos pilares s\u00e3o o respeito, a \u00e9tica e a confian\u00e7a m\u00fatua com clientes, parceiros e colaboradores.<\/p><p class=\"\" data-start=\"643\" data-end=\"785\">Essa certifica\u00e7\u00e3o marca um avan\u00e7o significativo na nossa trajet\u00f3ria e fortalece o compromisso com quem confia no nosso trabalho todos os dias.<\/p><p class=\"\" data-start=\"787\" data-end=\"860\"><strong data-start=\"787\" data-end=\"860\">Seguimos com a gest\u00e3o de qualidade certificada e foco no futuro!<\/strong><\/p>\t\t\t\t\t\t\t\t<\/div>\n\t\t\t\t<\/div>\n\t\t\t\t<\/div>\n\t\t\t\t<\/div>\n\t\t<div class=\"elementor-element elementor-element-ac15540 e-con-full e-flex e-con e-child\" data-id=\"ac15540\" data-element_type=\"container\" data-e-type=\"container\" data-settings=\"{&quot;jet_parallax_layout_list&quot;:[]}\">\n\t\t<div class=\"elementor-element elementor-element-b30b384 e-con-full e-flex e-con e-child\" data-id=\"b30b384\" data-element_type=\"container\" data-e-type=\"container\" data-settings=\"{&quot;background_background&quot;:&quot;classic&quot;,&quot;jet_parallax_layout_list&quot;:[]}\">\n\t\t\t\t<div class=\"elementor-element elementor-element-75eeb59 elementor-widget elementor-widget-jet-posts\" data-id=\"75eeb59\" data-element_type=\"widget\" data-e-type=\"widget\" data-settings=\"{&quot;columns&quot;:&quot;1&quot;}\" data-widget_type=\"jet-posts.default\">\n\t\t\t\t<div class=\"elementor-widget-container\">\n\t\t\t\t\t<div class=\"elementor-jet-posts jet-elements\"><div class=\"jet-posts col-row\"><div class=\"jet-posts__item\">\n\t<div class=\"jet-posts__inner-box\"><div class=\"post-thumbnail\"><a href=\"https:\/\/americalatinavidros.ind.br\/es\/vidros-de-reposicao-maquinas\/\" class=\"post-thumbnail__link\"><img loading=\"lazy\" decoding=\"async\" class=\"post-thumbnail__img wp-post-image\" src=\"https:\/\/americalatinavidros.ind.br\/wp-content\/uploads\/2026\/01\/WhatsApp-Image-2026-01-15-at-12.07.08.jpeg\" alt=\"Somos uma Ind\u00fastria e Com\u00e9rcio de Vidros de Reposi\u00e7\u00e3o para M\u00e1quinas Agr\u00edcolas e Pesadas\" width=\"1280\" height=\"1600\"><\/a><\/div><div class=\"jet-posts__inner-content\"><h3 class=\"entry-title\"><a href=\"https:\/\/americalatinavidros.ind.br\/es\/vidros-de-reposicao-maquinas\/\" target=\"\">Somos uma Ind\u00fastria e Com\u00e9rcio de Vidros de Reposi\u00e7\u00e3o para M\u00e1quinas Agr\u00edcolas e Pesadas<\/a><\/h3><div class=\"entry-excerpt\">Atuamos como ind\u00fastria e com\u00e9rcio de vidros de reposi\u00e7\u00e3o para m\u00e1quinas agr\u00edcolas e pesadas, com s\u00f3lida experi\u00eancia no mercado e foco em atender empresas que buscam fornecimento confi\u00e1vel, padr\u00e3o de qualidade e pre\u00e7os atrativos.\u00a0 Oferecemos um portf\u00f3lio completo de vidros para diferentes marcas e modelos de m\u00e1quinas. Contamos com processos&hellip;<\/div><div class=\"jet-more-wrap\"><a href=\"https:\/\/americalatinavidros.ind.br\/es\/vidros-de-reposicao-maquinas\/\" class=\"btn btn-primary elementor-button elementor-size-md jet-more\" target=\"\"><span class=\"btn__text\">LER MAIS<\/span><\/a><\/div><\/div><\/div>\n<\/div>\n<\/div>\n<\/div>\t\t\t\t<\/div>\n\t\t\t\t<\/div>\n\t\t\t\t<\/div>\n\t\t\t\t<\/div>\n\t\t\t\t\t<\/div>\n\t\t\t\t<\/div>\n\t\t\t\t<\/div>","protected":false},"excerpt":{"rendered":"<p>\u00c9 oficial.Temos o orgulho de anunciar que a gest\u00e3o da qualidade da Am\u00e9rica Latina Vidros agora \u00e9 certificada pela ISO 9001:2015. Mais do que um selo, essa conquista reafirma o nosso compromisso com a qualidade, a excel\u00eancia nos processos e a constante busca pela melhoria cont\u00ednua. Na Am\u00e9rica Latina Vidros, cada etapa \u00e9 pensada para [&hellip;]<\/p>","protected":false},"author":3,"featured_media":1552,"comment_status":"closed","ping_status":"open","sticky":false,"template":"elementor_header_footer","format":"standard","meta":{"footnotes":""},"categories":[1],"tags":[],"class_list":["post-1551","post","type-post","status-publish","format-standard","has-post-thumbnail","hentry","category-sem-categoria"],"yoast_head":"<!-- This site is optimized with the Yoast SEO plugin v26.7 - https:\/\/yoast.com\/wordpress\/plugins\/seo\/ -->\n<title>Gest\u00e3o da qualidade da Am\u00e9rica Latina Vidros \u00e9 certificada pela ISO 9001:2015 - America Latina Vidros<\/title>\n<meta name=\"robots\" content=\"index, follow, max-snippet:-1, max-image-preview:large, max-video-preview:-1\" \/>\n<link rel=\"canonical\" href=\"https:\/\/americalatinavidros.ind.br\/es\/gestao-da-qualidade-da-america-latina-vidros-e-certificada-pela-iso-90012015\/\" \/>\n<meta property=\"og:locale\" content=\"es_ES\" \/>\n<meta property=\"og:type\" content=\"article\" \/>\n<meta property=\"og:title\" content=\"Gest\u00e3o da qualidade da Am\u00e9rica Latina Vidros \u00e9 certificada pela ISO 9001:2015 - America Latina Vidros\" \/>\n<meta property=\"og:description\" content=\"\u00c9 oficial.Temos o orgulho de anunciar que a gest\u00e3o da qualidade da Am\u00e9rica Latina Vidros agora \u00e9 certificada pela ISO 9001:2015. Mais do que um selo, essa conquista reafirma o nosso compromisso com a qualidade, a excel\u00eancia nos processos e a constante busca pela melhoria cont\u00ednua. Na Am\u00e9rica Latina Vidros, cada etapa \u00e9 pensada para [&hellip;]\" \/>\n<meta property=\"og:url\" content=\"https:\/\/americalatinavidros.ind.br\/es\/gestao-da-qualidade-da-america-latina-vidros-e-certificada-pela-iso-90012015\/\" \/>\n<meta property=\"og:site_name\" content=\"America Latina Vidros\" \/>\n<meta property=\"article:publisher\" content=\"https:\/\/www.facebook.com\/AmericaLatinaVidro\" \/>\n<meta property=\"article:published_time\" content=\"2025-05-20T18:22:54+00:00\" \/>\n<meta property=\"article:modified_time\" content=\"2025-05-20T18:28:22+00:00\" \/>\n<meta property=\"og:image\" content=\"https:\/\/americalatinavidros.ind.br\/wp-content\/uploads\/2025\/05\/Post-Instagram-Sua-Empresa-Merece-o-Melhor-Contabilidade-Moderno-Azul-1-scaled.png\" \/>\n\t<meta property=\"og:image:width\" content=\"2048\" \/>\n\t<meta property=\"og:image:height\" content=\"2560\" \/>\n\t<meta property=\"og:image:type\" content=\"image\/png\" \/>\n<meta name=\"author\" content=\"Mkt\" \/>\n<meta name=\"twitter:card\" content=\"summary_large_image\" \/>\n<meta name=\"twitter:label1\" content=\"Escrito por\" \/>\n\t<meta name=\"twitter:data1\" content=\"Mkt\" \/>\n\t<meta name=\"twitter:label2\" content=\"Tiempo de lectura\" \/>\n\t<meta name=\"twitter:data2\" content=\"1 minuto\" \/>\n<script type=\"application\/ld+json\" class=\"yoast-schema-graph\">{\"@context\":\"https:\/\/schema.org\",\"@graph\":[{\"@type\":\"Article\",\"@id\":\"https:\/\/americalatinavidros.ind.br\/gestao-da-qualidade-da-america-latina-vidros-e-certificada-pela-iso-90012015\/#article\",\"isPartOf\":{\"@id\":\"https:\/\/americalatinavidros.ind.br\/gestao-da-qualidade-da-america-latina-vidros-e-certificada-pela-iso-90012015\/\"},\"author\":{\"name\":\"Mkt\",\"@id\":\"https:\/\/americalatinavidros.ind.br\/es\/#\/schema\/person\/f70c03e8031fbb9cd2ae02346d3dc59e\"},\"headline\":\"Gest\u00e3o da qualidade da Am\u00e9rica Latina Vidros \u00e9 certificada pela ISO 9001:2015\",\"datePublished\":\"2025-05-20T18:22:54+00:00\",\"dateModified\":\"2025-05-20T18:28:22+00:00\",\"mainEntityOfPage\":{\"@id\":\"https:\/\/americalatinavidros.ind.br\/gestao-da-qualidade-da-america-latina-vidros-e-certificada-pela-iso-90012015\/\"},\"wordCount\":211,\"publisher\":{\"@id\":\"https:\/\/americalatinavidros.ind.br\/es\/#organization\"},\"image\":{\"@id\":\"https:\/\/americalatinavidros.ind.br\/gestao-da-qualidade-da-america-latina-vidros-e-certificada-pela-iso-90012015\/#primaryimage\"},\"thumbnailUrl\":\"https:\/\/americalatinavidros.ind.br\/wp-content\/uploads\/2025\/05\/Post-Instagram-Sua-Empresa-Merece-o-Melhor-Contabilidade-Moderno-Azul-1-scaled.png\",\"articleSection\":[\"Sem categoria\"],\"inLanguage\":\"es-AR\"},{\"@type\":\"WebPage\",\"@id\":\"https:\/\/americalatinavidros.ind.br\/gestao-da-qualidade-da-america-latina-vidros-e-certificada-pela-iso-90012015\/\",\"url\":\"https:\/\/americalatinavidros.ind.br\/gestao-da-qualidade-da-america-latina-vidros-e-certificada-pela-iso-90012015\/\",\"name\":\"Gest\u00e3o da qualidade da Am\u00e9rica Latina Vidros \u00e9 certificada pela ISO 9001:2015 - America Latina Vidros\",\"isPartOf\":{\"@id\":\"https:\/\/americalatinavidros.ind.br\/es\/#website\"},\"primaryImageOfPage\":{\"@id\":\"https:\/\/americalatinavidros.ind.br\/gestao-da-qualidade-da-america-latina-vidros-e-certificada-pela-iso-90012015\/#primaryimage\"},\"image\":{\"@id\":\"https:\/\/americalatinavidros.ind.br\/gestao-da-qualidade-da-america-latina-vidros-e-certificada-pela-iso-90012015\/#primaryimage\"},\"thumbnailUrl\":\"https:\/\/americalatinavidros.ind.br\/wp-content\/uploads\/2025\/05\/Post-Instagram-Sua-Empresa-Merece-o-Melhor-Contabilidade-Moderno-Azul-1-scaled.png\",\"datePublished\":\"2025-05-20T18:22:54+00:00\",\"dateModified\":\"2025-05-20T18:28:22+00:00\",\"breadcrumb\":{\"@id\":\"https:\/\/americalatinavidros.ind.br\/gestao-da-qualidade-da-america-latina-vidros-e-certificada-pela-iso-90012015\/#breadcrumb\"},\"inLanguage\":\"es-AR\",\"potentialAction\":[{\"@type\":\"ReadAction\",\"target\":[\"https:\/\/americalatinavidros.ind.br\/gestao-da-qualidade-da-america-latina-vidros-e-certificada-pela-iso-90012015\/\"]}]},{\"@type\":\"ImageObject\",\"inLanguage\":\"es-AR\",\"@id\":\"https:\/\/americalatinavidros.ind.br\/gestao-da-qualidade-da-america-latina-vidros-e-certificada-pela-iso-90012015\/#primaryimage\",\"url\":\"https:\/\/americalatinavidros.ind.br\/wp-content\/uploads\/2025\/05\/Post-Instagram-Sua-Empresa-Merece-o-Melhor-Contabilidade-Moderno-Azul-1-scaled.png\",\"contentUrl\":\"https:\/\/americalatinavidros.ind.br\/wp-content\/uploads\/2025\/05\/Post-Instagram-Sua-Empresa-Merece-o-Melhor-Contabilidade-Moderno-Azul-1-scaled.png\",\"width\":2048,\"height\":2560},{\"@type\":\"BreadcrumbList\",\"@id\":\"https:\/\/americalatinavidros.ind.br\/gestao-da-qualidade-da-america-latina-vidros-e-certificada-pela-iso-90012015\/#breadcrumb\",\"itemListElement\":[{\"@type\":\"ListItem\",\"position\":1,\"name\":\"In\u00edcio\",\"item\":\"https:\/\/americalatinavidros.ind.br\/\"},{\"@type\":\"ListItem\",\"position\":2,\"name\":\"Gest\u00e3o da qualidade da Am\u00e9rica Latina Vidros \u00e9 certificada pela ISO 9001:2015\"}]},{\"@type\":\"WebSite\",\"@id\":\"https:\/\/americalatinavidros.ind.br\/es\/#website\",\"url\":\"https:\/\/americalatinavidros.ind.br\/es\/\",\"name\":\"America Latina Vidros\",\"description\":\"\",\"publisher\":{\"@id\":\"https:\/\/americalatinavidros.ind.br\/es\/#organization\"},\"potentialAction\":[{\"@type\":\"SearchAction\",\"target\":{\"@type\":\"EntryPoint\",\"urlTemplate\":\"https:\/\/americalatinavidros.ind.br\/es\/?s={search_term_string}\"},\"query-input\":{\"@type\":\"PropertyValueSpecification\",\"valueRequired\":true,\"valueName\":\"search_term_string\"}}],\"inLanguage\":\"es-AR\"},{\"@type\":\"Organization\",\"@id\":\"https:\/\/americalatinavidros.ind.br\/es\/#organization\",\"name\":\"America Latina Vidros\",\"url\":\"https:\/\/americalatinavidros.ind.br\/es\/\",\"logo\":{\"@type\":\"ImageObject\",\"inLanguage\":\"es-AR\",\"@id\":\"https:\/\/americalatinavidros.ind.br\/es\/#\/schema\/logo\/image\/\",\"url\":\"https:\/\/americalatinavidros.ind.br\/wp-content\/uploads\/2023\/12\/Brasil.svg\",\"contentUrl\":\"https:\/\/americalatinavidros.ind.br\/wp-content\/uploads\/2023\/12\/Brasil.svg\",\"width\":366,\"height\":557,\"caption\":\"America Latina Vidros\"},\"image\":{\"@id\":\"https:\/\/americalatinavidros.ind.br\/es\/#\/schema\/logo\/image\/\"},\"sameAs\":[\"https:\/\/www.facebook.com\/AmericaLatinaVidro\",\"https:\/\/www.instagram.com\/americalatinavidros\/\",\"https:\/\/www.instagram.com\/construcao_americalatinavidros\/\",\"https:\/\/br.linkedin.com\/company\/americalatinavidros\",\"https:\/\/www.facebook.com\/profile.php?id=100072339063607\",\"https:\/\/www.tiktok.com\/@americalatinavidrosind\"]},{\"@type\":\"Person\",\"@id\":\"https:\/\/americalatinavidros.ind.br\/es\/#\/schema\/person\/f70c03e8031fbb9cd2ae02346d3dc59e\",\"name\":\"Mkt\",\"sameAs\":[\"https:\/\/americalatinavidros.ind.br\/novo\/wp-admin\u200b\"],\"url\":\"https:\/\/americalatinavidros.ind.br\/es\/author\/marketing\/\"}]}<\/script>\n<!-- \/ Yoast SEO plugin. -->","yoast_head_json":{"title":"Gest\u00e3o da qualidade da Am\u00e9rica Latina Vidros \u00e9 certificada pela ISO 9001:2015 - America Latina Vidros","robots":{"index":"index","follow":"follow","max-snippet":"max-snippet:-1","max-image-preview":"max-image-preview:large","max-video-preview":"max-video-preview:-1"},"canonical":"https:\/\/americalatinavidros.ind.br\/es\/gestao-da-qualidade-da-america-latina-vidros-e-certificada-pela-iso-90012015\/","og_locale":"es_ES","og_type":"article","og_title":"Gest\u00e3o da qualidade da Am\u00e9rica Latina Vidros \u00e9 certificada pela ISO 9001:2015 - America Latina Vidros","og_description":"\u00c9 oficial.Temos o orgulho de anunciar que a gest\u00e3o da qualidade da Am\u00e9rica Latina Vidros agora \u00e9 certificada pela ISO 9001:2015. Mais do que um selo, essa conquista reafirma o nosso compromisso com a qualidade, a excel\u00eancia nos processos e a constante busca pela melhoria cont\u00ednua. Na Am\u00e9rica Latina Vidros, cada etapa \u00e9 pensada para [&hellip;]","og_url":"https:\/\/americalatinavidros.ind.br\/es\/gestao-da-qualidade-da-america-latina-vidros-e-certificada-pela-iso-90012015\/","og_site_name":"America Latina Vidros","article_publisher":"https:\/\/www.facebook.com\/AmericaLatinaVidro","article_published_time":"2025-05-20T18:22:54+00:00","article_modified_time":"2025-05-20T18:28:22+00:00","og_image":[{"width":2048,"height":2560,"url":"https:\/\/americalatinavidros.ind.br\/wp-content\/uploads\/2025\/05\/Post-Instagram-Sua-Empresa-Merece-o-Melhor-Contabilidade-Moderno-Azul-1-scaled.png","type":"image\/png"}],"author":"Mkt","twitter_card":"summary_large_image","twitter_misc":{"Escrito por":"Mkt","Tiempo de lectura":"1 minuto"},"schema":{"@context":"https:\/\/schema.org","@graph":[{"@type":"Article","@id":"https:\/\/americalatinavidros.ind.br\/gestao-da-qualidade-da-america-latina-vidros-e-certificada-pela-iso-90012015\/#article","isPartOf":{"@id":"https:\/\/americalatinavidros.ind.br\/gestao-da-qualidade-da-america-latina-vidros-e-certificada-pela-iso-90012015\/"},"author":{"name":"Mkt","@id":"https:\/\/americalatinavidros.ind.br\/es\/#\/schema\/person\/f70c03e8031fbb9cd2ae02346d3dc59e"},"headline":"Gest\u00e3o da qualidade da Am\u00e9rica Latina Vidros \u00e9 certificada pela ISO 9001:2015","datePublished":"2025-05-20T18:22:54+00:00","dateModified":"2025-05-20T18:28:22+00:00","mainEntityOfPage":{"@id":"https:\/\/americalatinavidros.ind.br\/gestao-da-qualidade-da-america-latina-vidros-e-certificada-pela-iso-90012015\/"},"wordCount":211,"publisher":{"@id":"https:\/\/americalatinavidros.ind.br\/es\/#organization"},"image":{"@id":"https:\/\/americalatinavidros.ind.br\/gestao-da-qualidade-da-america-latina-vidros-e-certificada-pela-iso-90012015\/#primaryimage"},"thumbnailUrl":"https:\/\/americalatinavidros.ind.br\/wp-content\/uploads\/2025\/05\/Post-Instagram-Sua-Empresa-Merece-o-Melhor-Contabilidade-Moderno-Azul-1-scaled.png","articleSection":["Sem categoria"],"inLanguage":"es-AR"},{"@type":"WebPage","@id":"https:\/\/americalatinavidros.ind.br\/gestao-da-qualidade-da-america-latina-vidros-e-certificada-pela-iso-90012015\/","url":"https:\/\/americalatinavidros.ind.br\/gestao-da-qualidade-da-america-latina-vidros-e-certificada-pela-iso-90012015\/","name":"Gest\u00e3o da qualidade da Am\u00e9rica Latina Vidros \u00e9 certificada pela ISO 9001:2015 - America Latina Vidros","isPartOf":{"@id":"https:\/\/americalatinavidros.ind.br\/es\/#website"},"primaryImageOfPage":{"@id":"https:\/\/americalatinavidros.ind.br\/gestao-da-qualidade-da-america-latina-vidros-e-certificada-pela-iso-90012015\/#primaryimage"},"image":{"@id":"https:\/\/americalatinavidros.ind.br\/gestao-da-qualidade-da-america-latina-vidros-e-certificada-pela-iso-90012015\/#primaryimage"},"thumbnailUrl":"https:\/\/americalatinavidros.ind.br\/wp-content\/uploads\/2025\/05\/Post-Instagram-Sua-Empresa-Merece-o-Melhor-Contabilidade-Moderno-Azul-1-scaled.png","datePublished":"2025-05-20T18:22:54+00:00","dateModified":"2025-05-20T18:28:22+00:00","breadcrumb":{"@id":"https:\/\/americalatinavidros.ind.br\/gestao-da-qualidade-da-america-latina-vidros-e-certificada-pela-iso-90012015\/#breadcrumb"},"inLanguage":"es-AR","potentialAction":[{"@type":"ReadAction","target":["https:\/\/americalatinavidros.ind.br\/gestao-da-qualidade-da-america-latina-vidros-e-certificada-pela-iso-90012015\/"]}]},{"@type":"ImageObject","inLanguage":"es-AR","@id":"https:\/\/americalatinavidros.ind.br\/gestao-da-qualidade-da-america-latina-vidros-e-certificada-pela-iso-90012015\/#primaryimage","url":"https:\/\/americalatinavidros.ind.br\/wp-content\/uploads\/2025\/05\/Post-Instagram-Sua-Empresa-Merece-o-Melhor-Contabilidade-Moderno-Azul-1-scaled.png","contentUrl":"https:\/\/americalatinavidros.ind.br\/wp-content\/uploads\/2025\/05\/Post-Instagram-Sua-Empresa-Merece-o-Melhor-Contabilidade-Moderno-Azul-1-scaled.png","width":2048,"height":2560},{"@type":"BreadcrumbList","@id":"https:\/\/americalatinavidros.ind.br\/gestao-da-qualidade-da-america-latina-vidros-e-certificada-pela-iso-90012015\/#breadcrumb","itemListElement":[{"@type":"ListItem","position":1,"name":"In\u00edcio","item":"https:\/\/americalatinavidros.ind.br\/"},{"@type":"ListItem","position":2,"name":"Gest\u00e3o da qualidade da Am\u00e9rica Latina Vidros \u00e9 certificada pela ISO 9001:2015"}]},{"@type":"WebSite","@id":"https:\/\/americalatinavidros.ind.br\/es\/#website","url":"https:\/\/americalatinavidros.ind.br\/es\/","name":"America Latina Vidros","description":"","publisher":{"@id":"https:\/\/americalatinavidros.ind.br\/es\/#organization"},"potentialAction":[{"@type":"SearchAction","target":{"@type":"EntryPoint","urlTemplate":"https:\/\/americalatinavidros.ind.br\/es\/?s={search_term_string}"},"query-input":{"@type":"PropertyValueSpecification","valueRequired":true,"valueName":"search_term_string"}}],"inLanguage":"es-AR"},{"@type":"Organization","@id":"https:\/\/americalatinavidros.ind.br\/es\/#organization","name":"America Latina Vidros","url":"https:\/\/americalatinavidros.ind.br\/es\/","logo":{"@type":"ImageObject","inLanguage":"es-AR","@id":"https:\/\/americalatinavidros.ind.br\/es\/#\/schema\/logo\/image\/","url":"https:\/\/americalatinavidros.ind.br\/wp-content\/uploads\/2023\/12\/Brasil.svg","contentUrl":"https:\/\/americalatinavidros.ind.br\/wp-content\/uploads\/2023\/12\/Brasil.svg","width":366,"height":557,"caption":"America Latina Vidros"},"image":{"@id":"https:\/\/americalatinavidros.ind.br\/es\/#\/schema\/logo\/image\/"},"sameAs":["https:\/\/www.facebook.com\/AmericaLatinaVidro","https:\/\/www.instagram.com\/americalatinavidros\/","https:\/\/www.instagram.com\/construcao_americalatinavidros\/","https:\/\/br.linkedin.com\/company\/americalatinavidros","https:\/\/www.facebook.com\/profile.php?id=100072339063607","https:\/\/www.tiktok.com\/@americalatinavidrosind"]},{"@type":"Person","@id":"https:\/\/americalatinavidros.ind.br\/es\/#\/schema\/person\/f70c03e8031fbb9cd2ae02346d3dc59e","name":"Mkt","sameAs":["https:\/\/americalatinavidros.ind.br\/novo\/wp-admin\u200b"],"url":"https:\/\/americalatinavidros.ind.br\/es\/author\/marketing\/"}]}},"_links":{"self":[{"href":"https:\/\/americalatinavidros.ind.br\/es\/wp-json\/wp\/v2\/posts\/1551","targetHints":{"allow":["GET"]}}],"collection":[{"href":"https:\/\/americalatinavidros.ind.br\/es\/wp-json\/wp\/v2\/posts"}],"about":[{"href":"https:\/\/americalatinavidros.ind.br\/es\/wp-json\/wp\/v2\/types\/post"}],"author":[{"embeddable":true,"href":"https:\/\/americalatinavidros.ind.br\/es\/wp-json\/wp\/v2\/users\/3"}],"replies":[{"embeddable":true,"href":"https:\/\/americalatinavidros.ind.br\/es\/wp-json\/wp\/v2\/comments?post=1551"}],"version-history":[{"count":7,"href":"https:\/\/americalatinavidros.ind.br\/es\/wp-json\/wp\/v2\/posts\/1551\/revisions"}],"predecessor-version":[{"id":1560,"href":"https:\/\/americalatinavidros.ind.br\/es\/wp-json\/wp\/v2\/posts\/1551\/revisions\/1560"}],"wp:featuredmedia":[{"embeddable":true,"href":"https:\/\/americalatinavidros.ind.br\/es\/wp-json\/wp\/v2\/media\/1552"}],"wp:attachment":[{"href":"https:\/\/americalatinavidros.ind.br\/es\/wp-json\/wp\/v2\/media?parent=1551"}],"wp:term":[{"taxonomy":"category","embeddable":true,"href":"https:\/\/americalatinavidros.ind.br\/es\/wp-json\/wp\/v2\/categories?post=1551"},{"taxonomy":"post_tag","embeddable":true,"href":"https:\/\/americalatinavidros.ind.br\/es\/wp-json\/wp\/v2\/tags?post=1551"}],"curies":[{"name":"wp","href":"https:\/\/api.w.org\/{rel}","templated":true}]}}