{"id":1304,"date":"2024-07-19T09:48:56","date_gmt":"2024-07-19T12:48:56","guid":{"rendered":"https:\/\/americalatinavidros.ind.br\/?p=1304"},"modified":"2025-01-27T10:11:26","modified_gmt":"2025-01-27T13:11:26","slug":"trabalhamos-com-vidro-curvo","status":"publish","type":"post","link":"https:\/\/americalatinavidros.ind.br\/en\/trabalhamos-com-vidro-curvo\/","title":{"rendered":"Trabalhamos com vidro curvo!"},"content":{"rendered":"<div data-elementor-type=\"wp-post\" data-elementor-id=\"1304\" class=\"elementor elementor-1304\" data-elementor-post-type=\"post\">\n\t\t\t\t<div class=\"elementor-element elementor-element-85843be e-flex e-con-boxed e-con e-parent\" data-id=\"85843be\" data-element_type=\"container\" data-e-type=\"container\" data-settings=\"{&quot;jet_parallax_layout_list&quot;:[]}\">\n\t\t\t\t\t<div class=\"e-con-inner\">\n\t\t<div class=\"elementor-element elementor-element-2c2e63d e-con-full e-flex e-con e-child\" data-id=\"2c2e63d\" data-element_type=\"container\" data-e-type=\"container\" data-settings=\"{&quot;jet_parallax_layout_list&quot;:[]}\">\n\t\t<div class=\"elementor-element elementor-element-290e91a e-con-full e-flex e-con e-child\" data-id=\"290e91a\" data-element_type=\"container\" data-e-type=\"container\" data-settings=\"{&quot;jet_parallax_layout_list&quot;:[]}\">\n\t\t\t\t<div class=\"elementor-element elementor-element-9666d1d elementor-widget__width-initial elementor-widget elementor-widget-theme-post-featured-image elementor-widget-image\" data-id=\"9666d1d\" data-element_type=\"widget\" data-e-type=\"widget\" data-widget_type=\"theme-post-featured-image.default\">\n\t\t\t\t<div class=\"elementor-widget-container\">\n\t\t\t\t\t\t\t\t\t\t\t\t\t\t\t<img fetchpriority=\"high\" decoding=\"async\" width=\"3375\" height=\"3375\" src=\"https:\/\/americalatinavidros.ind.br\/wp-content\/uploads\/2024\/07\/POST-ALC-JUNHO-19.png\" class=\"attachment-full size-full wp-image-1305\" alt=\"\" srcset=\"https:\/\/americalatinavidros.ind.br\/wp-content\/uploads\/2024\/07\/POST-ALC-JUNHO-19.png 3375w, https:\/\/americalatinavidros.ind.br\/wp-content\/uploads\/2024\/07\/POST-ALC-JUNHO-19-300x300.png 300w, https:\/\/americalatinavidros.ind.br\/wp-content\/uploads\/2024\/07\/POST-ALC-JUNHO-19-1024x1024.png 1024w, https:\/\/americalatinavidros.ind.br\/wp-content\/uploads\/2024\/07\/POST-ALC-JUNHO-19-150x150.png 150w, https:\/\/americalatinavidros.ind.br\/wp-content\/uploads\/2024\/07\/POST-ALC-JUNHO-19-768x768.png 768w, https:\/\/americalatinavidros.ind.br\/wp-content\/uploads\/2024\/07\/POST-ALC-JUNHO-19-1536x1536.png 1536w, https:\/\/americalatinavidros.ind.br\/wp-content\/uploads\/2024\/07\/POST-ALC-JUNHO-19-2048x2048.png 2048w, https:\/\/americalatinavidros.ind.br\/wp-content\/uploads\/2024\/07\/POST-ALC-JUNHO-19-12x12.png 12w, https:\/\/americalatinavidros.ind.br\/wp-content\/uploads\/2024\/07\/POST-ALC-JUNHO-19-1320x1320.png 1320w, https:\/\/americalatinavidros.ind.br\/wp-content\/uploads\/2024\/07\/POST-ALC-JUNHO-19-600x600.png 600w, https:\/\/americalatinavidros.ind.br\/wp-content\/uploads\/2024\/07\/POST-ALC-JUNHO-19-100x100.png 100w\" sizes=\"(max-width: 3375px) 100vw, 3375px\" \/>\t\t\t\t\t\t\t\t\t\t\t\t\t\t\t<\/div>\n\t\t\t\t<\/div>\n\t\t\t\t<div class=\"elementor-element elementor-element-5dc4fbc elementor-widget elementor-widget-theme-post-title elementor-page-title elementor-widget-heading\" data-id=\"5dc4fbc\" data-element_type=\"widget\" data-e-type=\"widget\" data-widget_type=\"theme-post-title.default\">\n\t\t\t\t<div class=\"elementor-widget-container\">\n\t\t\t\t\t<h1 class=\"elementor-heading-title elementor-size-default\">Trabalhamos com vidro curvo!<\/h1>\t\t\t\t<\/div>\n\t\t\t\t<\/div>\n\t\t\t\t<div class=\"elementor-element elementor-element-9e3226a elementor-widget elementor-widget-text-editor\" data-id=\"9e3226a\" data-element_type=\"widget\" data-e-type=\"widget\" data-widget_type=\"text-editor.default\">\n\t\t\t\t<div class=\"elementor-widget-container\">\n\t\t\t\t\t\t\t\t\t<p><span style=\"font-weight: 400;\">Sabia que somos especialistas em vidros curvos e estamos entre as principais ind\u00fastrias desse tipo de vidro no Brasil?<\/span><\/p><p><span style=\"font-weight: 400;\">Nossos vidros curvos s\u00e3o ideais para uma ampla gama de projetos, incluindo m\u00f3veis, janelas, fachadas, guarda-corpos, divis\u00f3rias e muito mais, acrescentando estilo e modernidade com suas formas curvas.\u00a0<\/span><\/p><p><span style=\"font-weight: 400;\">Eles aumentam a entrada de luz natural, permitem designs flex\u00edveis com linhas arredondadas e oferecem excelente resist\u00eancia contra condi\u00e7\u00f5es clim\u00e1ticas adversas. S\u00e3o op\u00e7\u00f5es super seguras!\u00a0<\/span><\/p><p><span style=\"font-weight: 400;\">Quer saber mais? Entre em contato com a gente para mais informa\u00e7\u00f5es e solicite um or\u00e7amento personalizado.\u00a0<\/span><b><\/b><\/p>\t\t\t\t\t\t\t\t<\/div>\n\t\t\t\t<\/div>\n\t\t\t\t<\/div>\n\t\t\t\t<\/div>\n\t\t<div class=\"elementor-element elementor-element-ac15540 e-con-full e-flex e-con e-child\" data-id=\"ac15540\" data-element_type=\"container\" data-e-type=\"container\" data-settings=\"{&quot;jet_parallax_layout_list&quot;:[]}\">\n\t\t<div class=\"elementor-element elementor-element-b30b384 e-con-full e-flex e-con e-child\" data-id=\"b30b384\" data-element_type=\"container\" data-e-type=\"container\" data-settings=\"{&quot;background_background&quot;:&quot;classic&quot;,&quot;jet_parallax_layout_list&quot;:[]}\">\n\t\t\t\t<div class=\"elementor-element elementor-element-75eeb59 elementor-widget elementor-widget-jet-posts\" data-id=\"75eeb59\" data-element_type=\"widget\" data-e-type=\"widget\" data-settings=\"{&quot;columns&quot;:&quot;1&quot;}\" data-widget_type=\"jet-posts.default\">\n\t\t\t\t<div class=\"elementor-widget-container\">\n\t\t\t\t\t<div class=\"elementor-jet-posts jet-elements\"><div class=\"jet-posts col-row\"><div class=\"jet-posts__item\">\n\t<div class=\"jet-posts__inner-box\"><div class=\"post-thumbnail\"><a href=\"https:\/\/americalatinavidros.ind.br\/es\/vidros-de-reposicao-maquinas\/\" class=\"post-thumbnail__link\"><img loading=\"lazy\" decoding=\"async\" class=\"post-thumbnail__img wp-post-image\" src=\"https:\/\/americalatinavidros.ind.br\/wp-content\/uploads\/2026\/01\/WhatsApp-Image-2026-01-15-at-12.07.08.jpeg\" alt=\"Somos uma Ind\u00fastria e Com\u00e9rcio de Vidros de Reposi\u00e7\u00e3o para M\u00e1quinas Agr\u00edcolas e Pesadas\" width=\"1280\" height=\"1600\"><\/a><\/div><div class=\"jet-posts__inner-content\"><h3 class=\"entry-title\"><a href=\"https:\/\/americalatinavidros.ind.br\/es\/vidros-de-reposicao-maquinas\/\" target=\"\">Somos uma Ind\u00fastria e Com\u00e9rcio de Vidros de Reposi\u00e7\u00e3o para M\u00e1quinas Agr\u00edcolas e Pesadas<\/a><\/h3><div class=\"entry-excerpt\">Atuamos como ind\u00fastria e com\u00e9rcio de vidros de reposi\u00e7\u00e3o para m\u00e1quinas agr\u00edcolas e pesadas, com s\u00f3lida experi\u00eancia no mercado e foco em atender empresas que buscam fornecimento confi\u00e1vel, padr\u00e3o de qualidade e pre\u00e7os atrativos.\u00a0 Oferecemos um portf\u00f3lio completo de vidros para diferentes marcas e modelos de m\u00e1quinas. Contamos com processos&hellip;<\/div><div class=\"jet-more-wrap\"><a href=\"https:\/\/americalatinavidros.ind.br\/es\/vidros-de-reposicao-maquinas\/\" class=\"btn btn-primary elementor-button elementor-size-md jet-more\" target=\"\"><span class=\"btn__text\">LER MAIS<\/span><\/a><\/div><\/div><\/div>\n<\/div>\n<\/div>\n<\/div>\t\t\t\t<\/div>\n\t\t\t\t<\/div>\n\t\t\t\t<\/div>\n\t\t\t\t<\/div>\n\t\t\t\t\t<\/div>\n\t\t\t\t<\/div>\n\t\t\t\t<\/div>","protected":false},"excerpt":{"rendered":"<p>Sabia que somos especialistas em vidros curvos e estamos entre as principais ind\u00fastrias desse tipo de vidro no Brasil? Nossos vidros curvos s\u00e3o ideais para uma ampla gama de projetos, incluindo m\u00f3veis, janelas, fachadas, guarda-corpos, divis\u00f3rias e muito mais, acrescentando estilo e modernidade com suas formas curvas.\u00a0 Eles aumentam a entrada de luz natural, permitem [&hellip;]<\/p>","protected":false},"author":3,"featured_media":1305,"comment_status":"closed","ping_status":"open","sticky":false,"template":"elementor_header_footer","format":"standard","meta":{"footnotes":""},"categories":[1],"tags":[],"class_list":["post-1304","post","type-post","status-publish","format-standard","has-post-thumbnail","hentry","category-sem-categoria"],"yoast_head":"<!-- This site is optimized with the Yoast SEO plugin v26.7 - https:\/\/yoast.com\/wordpress\/plugins\/seo\/ -->\n<title>Trabalhamos com vidro curvo! - America Latina Vidros<\/title>\n<meta name=\"robots\" content=\"index, follow, max-snippet:-1, max-image-preview:large, max-video-preview:-1\" \/>\n<link rel=\"canonical\" href=\"https:\/\/americalatinavidros.ind.br\/en\/trabalhamos-com-vidro-curvo\/\" \/>\n<meta property=\"og:locale\" content=\"en_US\" \/>\n<meta property=\"og:type\" content=\"article\" \/>\n<meta property=\"og:title\" content=\"Trabalhamos com vidro curvo! - America Latina Vidros\" \/>\n<meta property=\"og:description\" content=\"Sabia que somos especialistas em vidros curvos e estamos entre as principais ind\u00fastrias desse tipo de vidro no Brasil? Nossos vidros curvos s\u00e3o ideais para uma ampla gama de projetos, incluindo m\u00f3veis, janelas, fachadas, guarda-corpos, divis\u00f3rias e muito mais, acrescentando estilo e modernidade com suas formas curvas.\u00a0 Eles aumentam a entrada de luz natural, permitem [&hellip;]\" \/>\n<meta property=\"og:url\" content=\"https:\/\/americalatinavidros.ind.br\/en\/trabalhamos-com-vidro-curvo\/\" \/>\n<meta property=\"og:site_name\" content=\"America Latina Vidros\" \/>\n<meta property=\"article:publisher\" content=\"https:\/\/www.facebook.com\/AmericaLatinaVidro\" \/>\n<meta property=\"article:published_time\" content=\"2024-07-19T12:48:56+00:00\" \/>\n<meta property=\"article:modified_time\" content=\"2025-01-27T13:11:26+00:00\" \/>\n<meta property=\"og:image\" content=\"https:\/\/americalatinavidros.ind.br\/wp-content\/uploads\/2024\/07\/POST-ALC-JUNHO-19-1024x1024.png\" \/>\n\t<meta property=\"og:image:width\" content=\"1024\" \/>\n\t<meta property=\"og:image:height\" content=\"1024\" \/>\n\t<meta property=\"og:image:type\" content=\"image\/png\" \/>\n<meta name=\"author\" content=\"Mkt\" \/>\n<meta name=\"twitter:card\" content=\"summary_large_image\" \/>\n<meta name=\"twitter:label1\" content=\"Written by\" \/>\n\t<meta name=\"twitter:data1\" content=\"Mkt\" \/>\n\t<meta name=\"twitter:label2\" content=\"Est. reading time\" \/>\n\t<meta name=\"twitter:data2\" content=\"1 minute\" \/>\n<script type=\"application\/ld+json\" class=\"yoast-schema-graph\">{\"@context\":\"https:\/\/schema.org\",\"@graph\":[{\"@type\":\"Article\",\"@id\":\"https:\/\/americalatinavidros.ind.br\/trabalhamos-com-vidro-curvo\/#article\",\"isPartOf\":{\"@id\":\"https:\/\/americalatinavidros.ind.br\/trabalhamos-com-vidro-curvo\/\"},\"author\":{\"name\":\"Mkt\",\"@id\":\"https:\/\/americalatinavidros.ind.br\/es\/#\/schema\/person\/f70c03e8031fbb9cd2ae02346d3dc59e\"},\"headline\":\"Trabalhamos com vidro curvo!\",\"datePublished\":\"2024-07-19T12:48:56+00:00\",\"dateModified\":\"2025-01-27T13:11:26+00:00\",\"mainEntityOfPage\":{\"@id\":\"https:\/\/americalatinavidros.ind.br\/trabalhamos-com-vidro-curvo\/\"},\"wordCount\":177,\"publisher\":{\"@id\":\"https:\/\/americalatinavidros.ind.br\/es\/#organization\"},\"image\":{\"@id\":\"https:\/\/americalatinavidros.ind.br\/trabalhamos-com-vidro-curvo\/#primaryimage\"},\"thumbnailUrl\":\"https:\/\/americalatinavidros.ind.br\/wp-content\/uploads\/2024\/07\/POST-ALC-JUNHO-19.png\",\"articleSection\":[\"Sem categoria\"],\"inLanguage\":\"en-US\"},{\"@type\":\"WebPage\",\"@id\":\"https:\/\/americalatinavidros.ind.br\/trabalhamos-com-vidro-curvo\/\",\"url\":\"https:\/\/americalatinavidros.ind.br\/trabalhamos-com-vidro-curvo\/\",\"name\":\"Trabalhamos com vidro curvo! - America Latina Vidros\",\"isPartOf\":{\"@id\":\"https:\/\/americalatinavidros.ind.br\/es\/#website\"},\"primaryImageOfPage\":{\"@id\":\"https:\/\/americalatinavidros.ind.br\/trabalhamos-com-vidro-curvo\/#primaryimage\"},\"image\":{\"@id\":\"https:\/\/americalatinavidros.ind.br\/trabalhamos-com-vidro-curvo\/#primaryimage\"},\"thumbnailUrl\":\"https:\/\/americalatinavidros.ind.br\/wp-content\/uploads\/2024\/07\/POST-ALC-JUNHO-19.png\",\"datePublished\":\"2024-07-19T12:48:56+00:00\",\"dateModified\":\"2025-01-27T13:11:26+00:00\",\"breadcrumb\":{\"@id\":\"https:\/\/americalatinavidros.ind.br\/trabalhamos-com-vidro-curvo\/#breadcrumb\"},\"inLanguage\":\"en-US\",\"potentialAction\":[{\"@type\":\"ReadAction\",\"target\":[\"https:\/\/americalatinavidros.ind.br\/trabalhamos-com-vidro-curvo\/\"]}]},{\"@type\":\"ImageObject\",\"inLanguage\":\"en-US\",\"@id\":\"https:\/\/americalatinavidros.ind.br\/trabalhamos-com-vidro-curvo\/#primaryimage\",\"url\":\"https:\/\/americalatinavidros.ind.br\/wp-content\/uploads\/2024\/07\/POST-ALC-JUNHO-19.png\",\"contentUrl\":\"https:\/\/americalatinavidros.ind.br\/wp-content\/uploads\/2024\/07\/POST-ALC-JUNHO-19.png\",\"width\":3375,\"height\":3375},{\"@type\":\"BreadcrumbList\",\"@id\":\"https:\/\/americalatinavidros.ind.br\/trabalhamos-com-vidro-curvo\/#breadcrumb\",\"itemListElement\":[{\"@type\":\"ListItem\",\"position\":1,\"name\":\"In\u00edcio\",\"item\":\"https:\/\/americalatinavidros.ind.br\/\"},{\"@type\":\"ListItem\",\"position\":2,\"name\":\"Trabalhamos com vidro curvo!\"}]},{\"@type\":\"WebSite\",\"@id\":\"https:\/\/americalatinavidros.ind.br\/es\/#website\",\"url\":\"https:\/\/americalatinavidros.ind.br\/es\/\",\"name\":\"America Latina Vidros\",\"description\":\"\",\"publisher\":{\"@id\":\"https:\/\/americalatinavidros.ind.br\/es\/#organization\"},\"potentialAction\":[{\"@type\":\"SearchAction\",\"target\":{\"@type\":\"EntryPoint\",\"urlTemplate\":\"https:\/\/americalatinavidros.ind.br\/es\/?s={search_term_string}\"},\"query-input\":{\"@type\":\"PropertyValueSpecification\",\"valueRequired\":true,\"valueName\":\"search_term_string\"}}],\"inLanguage\":\"en-US\"},{\"@type\":\"Organization\",\"@id\":\"https:\/\/americalatinavidros.ind.br\/es\/#organization\",\"name\":\"America Latina Vidros\",\"url\":\"https:\/\/americalatinavidros.ind.br\/es\/\",\"logo\":{\"@type\":\"ImageObject\",\"inLanguage\":\"en-US\",\"@id\":\"https:\/\/americalatinavidros.ind.br\/es\/#\/schema\/logo\/image\/\",\"url\":\"https:\/\/americalatinavidros.ind.br\/wp-content\/uploads\/2023\/12\/Brasil.svg\",\"contentUrl\":\"https:\/\/americalatinavidros.ind.br\/wp-content\/uploads\/2023\/12\/Brasil.svg\",\"width\":366,\"height\":557,\"caption\":\"America Latina Vidros\"},\"image\":{\"@id\":\"https:\/\/americalatinavidros.ind.br\/es\/#\/schema\/logo\/image\/\"},\"sameAs\":[\"https:\/\/www.facebook.com\/AmericaLatinaVidro\",\"https:\/\/www.instagram.com\/americalatinavidros\/\",\"https:\/\/www.instagram.com\/construcao_americalatinavidros\/\",\"https:\/\/br.linkedin.com\/company\/americalatinavidros\",\"https:\/\/www.facebook.com\/profile.php?id=100072339063607\",\"https:\/\/www.tiktok.com\/@americalatinavidrosind\"]},{\"@type\":\"Person\",\"@id\":\"https:\/\/americalatinavidros.ind.br\/es\/#\/schema\/person\/f70c03e8031fbb9cd2ae02346d3dc59e\",\"name\":\"Mkt\",\"sameAs\":[\"https:\/\/americalatinavidros.ind.br\/novo\/wp-admin\u200b\"],\"url\":\"https:\/\/americalatinavidros.ind.br\/en\/author\/marketing\/\"}]}<\/script>\n<!-- \/ Yoast SEO plugin. -->","yoast_head_json":{"title":"Trabalhamos com vidro curvo! - America Latina Vidros","robots":{"index":"index","follow":"follow","max-snippet":"max-snippet:-1","max-image-preview":"max-image-preview:large","max-video-preview":"max-video-preview:-1"},"canonical":"https:\/\/americalatinavidros.ind.br\/en\/trabalhamos-com-vidro-curvo\/","og_locale":"en_US","og_type":"article","og_title":"Trabalhamos com vidro curvo! - America Latina Vidros","og_description":"Sabia que somos especialistas em vidros curvos e estamos entre as principais ind\u00fastrias desse tipo de vidro no Brasil? Nossos vidros curvos s\u00e3o ideais para uma ampla gama de projetos, incluindo m\u00f3veis, janelas, fachadas, guarda-corpos, divis\u00f3rias e muito mais, acrescentando estilo e modernidade com suas formas curvas.\u00a0 Eles aumentam a entrada de luz natural, permitem [&hellip;]","og_url":"https:\/\/americalatinavidros.ind.br\/en\/trabalhamos-com-vidro-curvo\/","og_site_name":"America Latina Vidros","article_publisher":"https:\/\/www.facebook.com\/AmericaLatinaVidro","article_published_time":"2024-07-19T12:48:56+00:00","article_modified_time":"2025-01-27T13:11:26+00:00","og_image":[{"width":1024,"height":1024,"url":"https:\/\/americalatinavidros.ind.br\/wp-content\/uploads\/2024\/07\/POST-ALC-JUNHO-19-1024x1024.png","type":"image\/png"}],"author":"Mkt","twitter_card":"summary_large_image","twitter_misc":{"Written by":"Mkt","Est. reading time":"1 minute"},"schema":{"@context":"https:\/\/schema.org","@graph":[{"@type":"Article","@id":"https:\/\/americalatinavidros.ind.br\/trabalhamos-com-vidro-curvo\/#article","isPartOf":{"@id":"https:\/\/americalatinavidros.ind.br\/trabalhamos-com-vidro-curvo\/"},"author":{"name":"Mkt","@id":"https:\/\/americalatinavidros.ind.br\/es\/#\/schema\/person\/f70c03e8031fbb9cd2ae02346d3dc59e"},"headline":"Trabalhamos com vidro curvo!","datePublished":"2024-07-19T12:48:56+00:00","dateModified":"2025-01-27T13:11:26+00:00","mainEntityOfPage":{"@id":"https:\/\/americalatinavidros.ind.br\/trabalhamos-com-vidro-curvo\/"},"wordCount":177,"publisher":{"@id":"https:\/\/americalatinavidros.ind.br\/es\/#organization"},"image":{"@id":"https:\/\/americalatinavidros.ind.br\/trabalhamos-com-vidro-curvo\/#primaryimage"},"thumbnailUrl":"https:\/\/americalatinavidros.ind.br\/wp-content\/uploads\/2024\/07\/POST-ALC-JUNHO-19.png","articleSection":["Sem categoria"],"inLanguage":"en-US"},{"@type":"WebPage","@id":"https:\/\/americalatinavidros.ind.br\/trabalhamos-com-vidro-curvo\/","url":"https:\/\/americalatinavidros.ind.br\/trabalhamos-com-vidro-curvo\/","name":"Trabalhamos com vidro curvo! - America Latina Vidros","isPartOf":{"@id":"https:\/\/americalatinavidros.ind.br\/es\/#website"},"primaryImageOfPage":{"@id":"https:\/\/americalatinavidros.ind.br\/trabalhamos-com-vidro-curvo\/#primaryimage"},"image":{"@id":"https:\/\/americalatinavidros.ind.br\/trabalhamos-com-vidro-curvo\/#primaryimage"},"thumbnailUrl":"https:\/\/americalatinavidros.ind.br\/wp-content\/uploads\/2024\/07\/POST-ALC-JUNHO-19.png","datePublished":"2024-07-19T12:48:56+00:00","dateModified":"2025-01-27T13:11:26+00:00","breadcrumb":{"@id":"https:\/\/americalatinavidros.ind.br\/trabalhamos-com-vidro-curvo\/#breadcrumb"},"inLanguage":"en-US","potentialAction":[{"@type":"ReadAction","target":["https:\/\/americalatinavidros.ind.br\/trabalhamos-com-vidro-curvo\/"]}]},{"@type":"ImageObject","inLanguage":"en-US","@id":"https:\/\/americalatinavidros.ind.br\/trabalhamos-com-vidro-curvo\/#primaryimage","url":"https:\/\/americalatinavidros.ind.br\/wp-content\/uploads\/2024\/07\/POST-ALC-JUNHO-19.png","contentUrl":"https:\/\/americalatinavidros.ind.br\/wp-content\/uploads\/2024\/07\/POST-ALC-JUNHO-19.png","width":3375,"height":3375},{"@type":"BreadcrumbList","@id":"https:\/\/americalatinavidros.ind.br\/trabalhamos-com-vidro-curvo\/#breadcrumb","itemListElement":[{"@type":"ListItem","position":1,"name":"In\u00edcio","item":"https:\/\/americalatinavidros.ind.br\/"},{"@type":"ListItem","position":2,"name":"Trabalhamos com vidro curvo!"}]},{"@type":"WebSite","@id":"https:\/\/americalatinavidros.ind.br\/es\/#website","url":"https:\/\/americalatinavidros.ind.br\/es\/","name":"America Latina Vidros","description":"","publisher":{"@id":"https:\/\/americalatinavidros.ind.br\/es\/#organization"},"potentialAction":[{"@type":"SearchAction","target":{"@type":"EntryPoint","urlTemplate":"https:\/\/americalatinavidros.ind.br\/es\/?s={search_term_string}"},"query-input":{"@type":"PropertyValueSpecification","valueRequired":true,"valueName":"search_term_string"}}],"inLanguage":"en-US"},{"@type":"Organization","@id":"https:\/\/americalatinavidros.ind.br\/es\/#organization","name":"America Latina Vidros","url":"https:\/\/americalatinavidros.ind.br\/es\/","logo":{"@type":"ImageObject","inLanguage":"en-US","@id":"https:\/\/americalatinavidros.ind.br\/es\/#\/schema\/logo\/image\/","url":"https:\/\/americalatinavidros.ind.br\/wp-content\/uploads\/2023\/12\/Brasil.svg","contentUrl":"https:\/\/americalatinavidros.ind.br\/wp-content\/uploads\/2023\/12\/Brasil.svg","width":366,"height":557,"caption":"America Latina Vidros"},"image":{"@id":"https:\/\/americalatinavidros.ind.br\/es\/#\/schema\/logo\/image\/"},"sameAs":["https:\/\/www.facebook.com\/AmericaLatinaVidro","https:\/\/www.instagram.com\/americalatinavidros\/","https:\/\/www.instagram.com\/construcao_americalatinavidros\/","https:\/\/br.linkedin.com\/company\/americalatinavidros","https:\/\/www.facebook.com\/profile.php?id=100072339063607","https:\/\/www.tiktok.com\/@americalatinavidrosind"]},{"@type":"Person","@id":"https:\/\/americalatinavidros.ind.br\/es\/#\/schema\/person\/f70c03e8031fbb9cd2ae02346d3dc59e","name":"Mkt","sameAs":["https:\/\/americalatinavidros.ind.br\/novo\/wp-admin\u200b"],"url":"https:\/\/americalatinavidros.ind.br\/en\/author\/marketing\/"}]}},"_links":{"self":[{"href":"https:\/\/americalatinavidros.ind.br\/en\/wp-json\/wp\/v2\/posts\/1304","targetHints":{"allow":["GET"]}}],"collection":[{"href":"https:\/\/americalatinavidros.ind.br\/en\/wp-json\/wp\/v2\/posts"}],"about":[{"href":"https:\/\/americalatinavidros.ind.br\/en\/wp-json\/wp\/v2\/types\/post"}],"author":[{"embeddable":true,"href":"https:\/\/americalatinavidros.ind.br\/en\/wp-json\/wp\/v2\/users\/3"}],"replies":[{"embeddable":true,"href":"https:\/\/americalatinavidros.ind.br\/en\/wp-json\/wp\/v2\/comments?post=1304"}],"version-history":[{"count":4,"href":"https:\/\/americalatinavidros.ind.br\/en\/wp-json\/wp\/v2\/posts\/1304\/revisions"}],"predecessor-version":[{"id":1309,"href":"https:\/\/americalatinavidros.ind.br\/en\/wp-json\/wp\/v2\/posts\/1304\/revisions\/1309"}],"wp:featuredmedia":[{"embeddable":true,"href":"https:\/\/americalatinavidros.ind.br\/en\/wp-json\/wp\/v2\/media\/1305"}],"wp:attachment":[{"href":"https:\/\/americalatinavidros.ind.br\/en\/wp-json\/wp\/v2\/media?parent=1304"}],"wp:term":[{"taxonomy":"category","embeddable":true,"href":"https:\/\/americalatinavidros.ind.br\/en\/wp-json\/wp\/v2\/categories?post=1304"},{"taxonomy":"post_tag","embeddable":true,"href":"https:\/\/americalatinavidros.ind.br\/en\/wp-json\/wp\/v2\/tags?post=1304"}],"curies":[{"name":"wp","href":"https:\/\/api.w.org\/{rel}","templated":true}]}}